{"id":2142,"date":"2022-09-05T14:24:00","date_gmt":"2022-09-05T12:24:00","guid":{"rendered":"https:\/\/www.we-love-camping.com\/2022\/09\/05\/cherizet-vw-van-gathering\/"},"modified":"2025-12-07T14:31:44","modified_gmt":"2025-12-07T13:31:44","slug":"cherizet-vw-van-gathering","status":"publish","type":"post","link":"https:\/\/www.we-love-camping.com\/en\/2022\/09\/05\/cherizet-vw-van-gathering\/","title":{"rendered":"Fifth French VW Bus Meeting in Cherizet, Burgundy"},"content":{"rendered":"\n<figure class=\"wp-block-embed is-type-video is-provider-youtube wp-block-embed-youtube wp-embed-aspect-16-9 wp-has-aspect-ratio\"><div class=\"wp-block-embed__wrapper\">\n<div class=\"geodir-embed-container\"><iframe loading=\"lazy\" title=\"French VW Bus Meeting \u00e0 Ch\u00e9rizet en Bourgogne\" width=\"920\" height=\"518\" src=\"https:\/\/www.youtube.com\/embed\/M6Lcgce2g7g?feature=oembed\" frameborder=\"0\" allow=\"accelerometer; autoplay; clipboard-write; encrypted-media; gyroscope; picture-in-picture; web-share\" referrerpolicy=\"strict-origin-when-cross-origin\" allowfullscreen><\/iframe><\/div>\n<\/div><\/figure>\n\n<p>On 19, 20 and 21 August, the <em>5th French VW Bus Meeting,<\/em> the largest gathering of Volkswagen Combi vans in France, was held in Ch\u00e9rizet, in Sa\u00f4ne-et-Loire, in southern Burgundy. On this occasion, 1,500 Combis of all generations gathered at a campsite set up for the occasion on the banks of a pond. Visitors were welcome to admire the beautiful Combis, mainly from France, but also from Norway, Belgium, Germany and the United Kingdom. And they did not hold back. Some 20,000 visitors passed through the gates of the gathering over the course of three days. The atmosphere was festive, with concerts throughout the weekend and fireworks on Saturday evening. After a fourth edition that had already attracted 1,700 combis, this fifth edition of the French VW Bus Meeting has established itself as the unmissable event for VW combi enthusiasts. If you are one of them, make a note of the next event in August 2024.       <\/p>\n","protected":false},"excerpt":{"rendered":"<p>On 19, 20 and 21 August, the 5th French VW Bus Meeting, the largest gathering of Volkswagen Combi vans in France, was held in Ch\u00e9rizet, in Sa\u00f4ne-et-Loire, in southern Burgundy. On this occasion, 1,500 Combis of all generations gathered at a campsite set up for the occasion on the banks of a pond. Visitors were [&hellip;]<\/p>\n","protected":false},"author":1,"featured_media":2141,"comment_status":"open","ping_status":"closed","sticky":false,"template":"","format":"standard","meta":{"footnotes":""},"categories":[468,164,477],"tags":[],"class_list":["post-2142","post","type-post","status-publish","format-standard","has-post-thumbnail","hentry","category-burgundy-franche-comte","category-camping-equipment","category-motorhome"],"yoast_head":"<!-- This site is optimized with the Yoast SEO Premium plugin v27.4 (Yoast SEO v27.4) - https:\/\/yoast.com\/product\/yoast-seo-premium-wordpress\/ -->\n<title>VW combi gathering in Ch\u00e9rizet, Burgundy<\/title>\n<meta name=\"description\" content=\"The largest gathering of VW combis in France took place in Ch\u00e9rizet, Burgundy. An event not to be missed for van enthusiasts.\" \/>\n<meta name=\"robots\" content=\"index, follow, max-snippet:-1, max-image-preview:large, max-video-preview:-1\" \/>\n<link rel=\"canonical\" href=\"https:\/\/www.we-love-camping.com\/en\/2022\/09\/05\/cherizet-vw-van-gathering\/\" \/>\n<meta property=\"og:locale\" content=\"en_US\" \/>\n<meta property=\"og:type\" content=\"article\" \/>\n<meta property=\"og:title\" content=\"Fifth French VW Bus Meeting in Cherizet, Burgundy\" \/>\n<meta property=\"og:description\" content=\"The largest gathering of VW combis in France took place in Ch\u00e9rizet, Burgundy. An event not to be missed for van enthusiasts.\" \/>\n<meta property=\"og:url\" content=\"https:\/\/www.we-love-camping.com\/en\/2022\/09\/05\/cherizet-vw-van-gathering\/\" \/>\n<meta property=\"og:site_name\" content=\"We Love Camping | Des campings authentiques avec emplacements nus\" \/>\n<meta property=\"article:published_time\" content=\"2022-09-05T12:24:00+00:00\" \/>\n<meta property=\"article:modified_time\" content=\"2025-12-07T13:31:44+00:00\" \/>\n<meta property=\"og:image\" content=\"https:\/\/www.we-love-camping.com\/wp-content\/uploads\/2022\/09\/cherizet-2022-001-768x434-1.jpg\" \/>\n\t<meta property=\"og:image:width\" content=\"768\" \/>\n\t<meta property=\"og:image:height\" content=\"434\" \/>\n\t<meta property=\"og:image:type\" content=\"image\/jpeg\" \/>\n<meta name=\"author\" content=\"We Love Camping\" \/>\n<meta name=\"twitter:card\" content=\"summary_large_image\" \/>\n<meta name=\"twitter:label1\" content=\"Written by\" \/>\n\t<meta name=\"twitter:data1\" content=\"We Love Camping\" \/>\n\t<meta name=\"twitter:label2\" content=\"Est. reading time\" \/>\n\t<meta name=\"twitter:data2\" content=\"1 minute\" \/>\n<script type=\"application\/ld+json\" class=\"yoast-schema-graph\">{\"@context\":\"https:\\\/\\\/schema.org\",\"@graph\":[{\"@type\":\"Article\",\"@id\":\"https:\\\/\\\/www.we-love-camping.com\\\/en\\\/2022\\\/09\\\/05\\\/cherizet-vw-van-gathering\\\/#article\",\"isPartOf\":{\"@id\":\"https:\\\/\\\/www.we-love-camping.com\\\/en\\\/2022\\\/09\\\/05\\\/cherizet-vw-van-gathering\\\/\"},\"author\":{\"name\":\"We Love Camping\",\"@id\":\"https:\\\/\\\/www.we-love-camping.com\\\/en\\\/#\\\/schema\\\/person\\\/8e23e6629235a226b17755b9302b1a40\"},\"headline\":\"Fifth French VW Bus Meeting in Cherizet, Burgundy\",\"datePublished\":\"2022-09-05T12:24:00+00:00\",\"dateModified\":\"2025-12-07T13:31:44+00:00\",\"mainEntityOfPage\":{\"@id\":\"https:\\\/\\\/www.we-love-camping.com\\\/en\\\/2022\\\/09\\\/05\\\/cherizet-vw-van-gathering\\\/\"},\"wordCount\":172,\"commentCount\":0,\"image\":{\"@id\":\"https:\\\/\\\/www.we-love-camping.com\\\/en\\\/2022\\\/09\\\/05\\\/cherizet-vw-van-gathering\\\/#primaryimage\"},\"thumbnailUrl\":\"https:\\\/\\\/www.we-love-camping.com\\\/wp-content\\\/uploads\\\/2022\\\/09\\\/cherizet-2022-001-768x434-1.jpg\",\"articleSection\":[\"Burgundy-Franche-Comt\u00e9\",\"Camping equipment\",\"Motorhome\"],\"inLanguage\":\"en-US\",\"potentialAction\":[{\"@type\":\"CommentAction\",\"name\":\"Comment\",\"target\":[\"https:\\\/\\\/www.we-love-camping.com\\\/en\\\/2022\\\/09\\\/05\\\/cherizet-vw-van-gathering\\\/#respond\"]}]},{\"@type\":\"WebPage\",\"@id\":\"https:\\\/\\\/www.we-love-camping.com\\\/en\\\/2022\\\/09\\\/05\\\/cherizet-vw-van-gathering\\\/\",\"url\":\"https:\\\/\\\/www.we-love-camping.com\\\/en\\\/2022\\\/09\\\/05\\\/cherizet-vw-van-gathering\\\/\",\"name\":\"VW combi gathering in Ch\u00e9rizet, Burgundy\",\"isPartOf\":{\"@id\":\"https:\\\/\\\/www.we-love-camping.com\\\/en\\\/#website\"},\"primaryImageOfPage\":{\"@id\":\"https:\\\/\\\/www.we-love-camping.com\\\/en\\\/2022\\\/09\\\/05\\\/cherizet-vw-van-gathering\\\/#primaryimage\"},\"image\":{\"@id\":\"https:\\\/\\\/www.we-love-camping.com\\\/en\\\/2022\\\/09\\\/05\\\/cherizet-vw-van-gathering\\\/#primaryimage\"},\"thumbnailUrl\":\"https:\\\/\\\/www.we-love-camping.com\\\/wp-content\\\/uploads\\\/2022\\\/09\\\/cherizet-2022-001-768x434-1.jpg\",\"datePublished\":\"2022-09-05T12:24:00+00:00\",\"dateModified\":\"2025-12-07T13:31:44+00:00\",\"author\":{\"@id\":\"https:\\\/\\\/www.we-love-camping.com\\\/en\\\/#\\\/schema\\\/person\\\/8e23e6629235a226b17755b9302b1a40\"},\"description\":\"The largest gathering of VW combis in France took place in Ch\u00e9rizet, Burgundy. An event not to be missed for van enthusiasts.\",\"breadcrumb\":{\"@id\":\"https:\\\/\\\/www.we-love-camping.com\\\/en\\\/2022\\\/09\\\/05\\\/cherizet-vw-van-gathering\\\/#breadcrumb\"},\"inLanguage\":\"en-US\",\"potentialAction\":[{\"@type\":\"ReadAction\",\"target\":[\"https:\\\/\\\/www.we-love-camping.com\\\/en\\\/2022\\\/09\\\/05\\\/cherizet-vw-van-gathering\\\/\"]}]},{\"@type\":\"ImageObject\",\"inLanguage\":\"en-US\",\"@id\":\"https:\\\/\\\/www.we-love-camping.com\\\/en\\\/2022\\\/09\\\/05\\\/cherizet-vw-van-gathering\\\/#primaryimage\",\"url\":\"https:\\\/\\\/www.we-love-camping.com\\\/wp-content\\\/uploads\\\/2022\\\/09\\\/cherizet-2022-001-768x434-1.jpg\",\"contentUrl\":\"https:\\\/\\\/www.we-love-camping.com\\\/wp-content\\\/uploads\\\/2022\\\/09\\\/cherizet-2022-001-768x434-1.jpg\",\"width\":768,\"height\":434,\"caption\":\"VW combi gathering in Ch\u00e9rizet, Burgundy\"},{\"@type\":\"BreadcrumbList\",\"@id\":\"https:\\\/\\\/www.we-love-camping.com\\\/en\\\/2022\\\/09\\\/05\\\/cherizet-vw-van-gathering\\\/#breadcrumb\",\"itemListElement\":[{\"@type\":\"ListItem\",\"position\":1,\"name\":\"Home\",\"item\":\"https:\\\/\\\/www.we-love-camping.com\\\/en\\\/\"},{\"@type\":\"ListItem\",\"position\":2,\"name\":\"Fifth French VW Bus Meeting in Cherizet, Burgundy\"}]},{\"@type\":\"WebSite\",\"@id\":\"https:\\\/\\\/www.we-love-camping.com\\\/en\\\/#website\",\"url\":\"https:\\\/\\\/www.we-love-camping.com\\\/en\\\/\",\"name\":\"We Love Camping | Des campings authentiques avec emplacements nus\",\"description\":\"\",\"potentialAction\":[{\"@type\":\"SearchAction\",\"target\":{\"@type\":\"EntryPoint\",\"urlTemplate\":\"https:\\\/\\\/www.we-love-camping.com\\\/en\\\/?s={search_term_string}\"},\"query-input\":{\"@type\":\"PropertyValueSpecification\",\"valueRequired\":true,\"valueName\":\"search_term_string\"}}],\"inLanguage\":\"en-US\"},{\"@type\":\"Person\",\"@id\":\"https:\\\/\\\/www.we-love-camping.com\\\/en\\\/#\\\/schema\\\/person\\\/8e23e6629235a226b17755b9302b1a40\",\"name\":\"We Love Camping\",\"image\":{\"@type\":\"ImageObject\",\"inLanguage\":\"en-US\",\"@id\":\"https:\\\/\\\/secure.gravatar.com\\\/avatar\\\/8d70993dfb720d9b94df2eb44f6cfee44028ee2981ed16dc3bcb5fa8680b5297?s=96&r=g&d=https:\\\/\\\/www.we-love-camping.com\\\/wp-content\\\/plugins\\\/userswp\\\/assets\\\/images\\\/no_profile.png\",\"url\":\"https:\\\/\\\/secure.gravatar.com\\\/avatar\\\/8d70993dfb720d9b94df2eb44f6cfee44028ee2981ed16dc3bcb5fa8680b5297?s=96&r=g&d=https:\\\/\\\/www.we-love-camping.com\\\/wp-content\\\/plugins\\\/userswp\\\/assets\\\/images\\\/no_profile.png\",\"contentUrl\":\"https:\\\/\\\/secure.gravatar.com\\\/avatar\\\/8d70993dfb720d9b94df2eb44f6cfee44028ee2981ed16dc3bcb5fa8680b5297?s=96&r=g&d=https:\\\/\\\/www.we-love-camping.com\\\/wp-content\\\/plugins\\\/userswp\\\/assets\\\/images\\\/no_profile.png\",\"caption\":\"We Love Camping\"},\"description\":\"C'est parce que nous aimons le camping traditionnel que nous avons pens\u00e9 \u00e0 ce site. Parce que nous regrettons parfois que le mobile-home occupe d\u00e9sormais tant de place sur les campings, nous avons voulu mettre en avant les terrains o\u00f9 les tentes, les caravanes et les camping-cars restent majoritaire. Et offrir \u00e0 tout ceux qui partagent notre amour de la vie en plein air, un site avec des id\u00e9es de voyages, des conseils techniques et surtout un choix de campings o\u00f9 il fait bon venir poser sa caravane ou planter sa tente.\",\"sameAs\":[\"https:\\\/\\\/www.we-love-camping.com\"],\"url\":\"https:\\\/\\\/www.we-love-camping.com\\\/profile\\\/lambelin-welovecamping\\\/\"}]}<\/script>\n<!-- \/ Yoast SEO Premium plugin. -->","yoast_head_json":{"title":"VW combi gathering in Ch\u00e9rizet, Burgundy","description":"The largest gathering of VW combis in France took place in Ch\u00e9rizet, Burgundy. An event not to be missed for van enthusiasts.","robots":{"index":"index","follow":"follow","max-snippet":"max-snippet:-1","max-image-preview":"max-image-preview:large","max-video-preview":"max-video-preview:-1"},"canonical":"https:\/\/www.we-love-camping.com\/en\/2022\/09\/05\/cherizet-vw-van-gathering\/","og_locale":"en_US","og_type":"article","og_title":"Fifth French VW Bus Meeting in Cherizet, Burgundy","og_description":"The largest gathering of VW combis in France took place in Ch\u00e9rizet, Burgundy. An event not to be missed for van enthusiasts.","og_url":"https:\/\/www.we-love-camping.com\/en\/2022\/09\/05\/cherizet-vw-van-gathering\/","og_site_name":"We Love Camping | Des campings authentiques avec emplacements nus","article_published_time":"2022-09-05T12:24:00+00:00","article_modified_time":"2025-12-07T13:31:44+00:00","og_image":[{"width":768,"height":434,"url":"https:\/\/www.we-love-camping.com\/wp-content\/uploads\/2022\/09\/cherizet-2022-001-768x434-1.jpg","type":"image\/jpeg"}],"author":"We Love Camping","twitter_card":"summary_large_image","twitter_misc":{"Written by":"We Love Camping","Est. reading time":"1 minute"},"schema":{"@context":"https:\/\/schema.org","@graph":[{"@type":"Article","@id":"https:\/\/www.we-love-camping.com\/en\/2022\/09\/05\/cherizet-vw-van-gathering\/#article","isPartOf":{"@id":"https:\/\/www.we-love-camping.com\/en\/2022\/09\/05\/cherizet-vw-van-gathering\/"},"author":{"name":"We Love Camping","@id":"https:\/\/www.we-love-camping.com\/en\/#\/schema\/person\/8e23e6629235a226b17755b9302b1a40"},"headline":"Fifth French VW Bus Meeting in Cherizet, Burgundy","datePublished":"2022-09-05T12:24:00+00:00","dateModified":"2025-12-07T13:31:44+00:00","mainEntityOfPage":{"@id":"https:\/\/www.we-love-camping.com\/en\/2022\/09\/05\/cherizet-vw-van-gathering\/"},"wordCount":172,"commentCount":0,"image":{"@id":"https:\/\/www.we-love-camping.com\/en\/2022\/09\/05\/cherizet-vw-van-gathering\/#primaryimage"},"thumbnailUrl":"https:\/\/www.we-love-camping.com\/wp-content\/uploads\/2022\/09\/cherizet-2022-001-768x434-1.jpg","articleSection":["Burgundy-Franche-Comt\u00e9","Camping equipment","Motorhome"],"inLanguage":"en-US","potentialAction":[{"@type":"CommentAction","name":"Comment","target":["https:\/\/www.we-love-camping.com\/en\/2022\/09\/05\/cherizet-vw-van-gathering\/#respond"]}]},{"@type":"WebPage","@id":"https:\/\/www.we-love-camping.com\/en\/2022\/09\/05\/cherizet-vw-van-gathering\/","url":"https:\/\/www.we-love-camping.com\/en\/2022\/09\/05\/cherizet-vw-van-gathering\/","name":"VW combi gathering in Ch\u00e9rizet, Burgundy","isPartOf":{"@id":"https:\/\/www.we-love-camping.com\/en\/#website"},"primaryImageOfPage":{"@id":"https:\/\/www.we-love-camping.com\/en\/2022\/09\/05\/cherizet-vw-van-gathering\/#primaryimage"},"image":{"@id":"https:\/\/www.we-love-camping.com\/en\/2022\/09\/05\/cherizet-vw-van-gathering\/#primaryimage"},"thumbnailUrl":"https:\/\/www.we-love-camping.com\/wp-content\/uploads\/2022\/09\/cherizet-2022-001-768x434-1.jpg","datePublished":"2022-09-05T12:24:00+00:00","dateModified":"2025-12-07T13:31:44+00:00","author":{"@id":"https:\/\/www.we-love-camping.com\/en\/#\/schema\/person\/8e23e6629235a226b17755b9302b1a40"},"description":"The largest gathering of VW combis in France took place in Ch\u00e9rizet, Burgundy. An event not to be missed for van enthusiasts.","breadcrumb":{"@id":"https:\/\/www.we-love-camping.com\/en\/2022\/09\/05\/cherizet-vw-van-gathering\/#breadcrumb"},"inLanguage":"en-US","potentialAction":[{"@type":"ReadAction","target":["https:\/\/www.we-love-camping.com\/en\/2022\/09\/05\/cherizet-vw-van-gathering\/"]}]},{"@type":"ImageObject","inLanguage":"en-US","@id":"https:\/\/www.we-love-camping.com\/en\/2022\/09\/05\/cherizet-vw-van-gathering\/#primaryimage","url":"https:\/\/www.we-love-camping.com\/wp-content\/uploads\/2022\/09\/cherizet-2022-001-768x434-1.jpg","contentUrl":"https:\/\/www.we-love-camping.com\/wp-content\/uploads\/2022\/09\/cherizet-2022-001-768x434-1.jpg","width":768,"height":434,"caption":"VW combi gathering in Ch\u00e9rizet, Burgundy"},{"@type":"BreadcrumbList","@id":"https:\/\/www.we-love-camping.com\/en\/2022\/09\/05\/cherizet-vw-van-gathering\/#breadcrumb","itemListElement":[{"@type":"ListItem","position":1,"name":"Home","item":"https:\/\/www.we-love-camping.com\/en\/"},{"@type":"ListItem","position":2,"name":"Fifth French VW Bus Meeting in Cherizet, Burgundy"}]},{"@type":"WebSite","@id":"https:\/\/www.we-love-camping.com\/en\/#website","url":"https:\/\/www.we-love-camping.com\/en\/","name":"We Love Camping | Des campings authentiques avec emplacements nus","description":"","potentialAction":[{"@type":"SearchAction","target":{"@type":"EntryPoint","urlTemplate":"https:\/\/www.we-love-camping.com\/en\/?s={search_term_string}"},"query-input":{"@type":"PropertyValueSpecification","valueRequired":true,"valueName":"search_term_string"}}],"inLanguage":"en-US"},{"@type":"Person","@id":"https:\/\/www.we-love-camping.com\/en\/#\/schema\/person\/8e23e6629235a226b17755b9302b1a40","name":"We Love Camping","image":{"@type":"ImageObject","inLanguage":"en-US","@id":"https:\/\/secure.gravatar.com\/avatar\/8d70993dfb720d9b94df2eb44f6cfee44028ee2981ed16dc3bcb5fa8680b5297?s=96&r=g&d=https:\/\/www.we-love-camping.com\/wp-content\/plugins\/userswp\/assets\/images\/no_profile.png","url":"https:\/\/secure.gravatar.com\/avatar\/8d70993dfb720d9b94df2eb44f6cfee44028ee2981ed16dc3bcb5fa8680b5297?s=96&r=g&d=https:\/\/www.we-love-camping.com\/wp-content\/plugins\/userswp\/assets\/images\/no_profile.png","contentUrl":"https:\/\/secure.gravatar.com\/avatar\/8d70993dfb720d9b94df2eb44f6cfee44028ee2981ed16dc3bcb5fa8680b5297?s=96&r=g&d=https:\/\/www.we-love-camping.com\/wp-content\/plugins\/userswp\/assets\/images\/no_profile.png","caption":"We Love Camping"},"description":"C'est parce que nous aimons le camping traditionnel que nous avons pens\u00e9 \u00e0 ce site. Parce que nous regrettons parfois que le mobile-home occupe d\u00e9sormais tant de place sur les campings, nous avons voulu mettre en avant les terrains o\u00f9 les tentes, les caravanes et les camping-cars restent majoritaire. Et offrir \u00e0 tout ceux qui partagent notre amour de la vie en plein air, un site avec des id\u00e9es de voyages, des conseils techniques et surtout un choix de campings o\u00f9 il fait bon venir poser sa caravane ou planter sa tente.","sameAs":["https:\/\/www.we-love-camping.com"],"url":"https:\/\/www.we-love-camping.com\/profile\/lambelin-welovecamping\/"}]}},"_links":{"self":[{"href":"https:\/\/www.we-love-camping.com\/en\/wp-json\/wp\/v2\/posts\/2142","targetHints":{"allow":["GET"]}}],"collection":[{"href":"https:\/\/www.we-love-camping.com\/en\/wp-json\/wp\/v2\/posts"}],"about":[{"href":"https:\/\/www.we-love-camping.com\/en\/wp-json\/wp\/v2\/types\/post"}],"author":[{"embeddable":true,"href":"https:\/\/www.we-love-camping.com\/en\/wp-json\/wp\/v2\/users\/1"}],"replies":[{"embeddable":true,"href":"https:\/\/www.we-love-camping.com\/en\/wp-json\/wp\/v2\/comments?post=2142"}],"version-history":[{"count":0,"href":"https:\/\/www.we-love-camping.com\/en\/wp-json\/wp\/v2\/posts\/2142\/revisions"}],"wp:featuredmedia":[{"embeddable":true,"href":"https:\/\/www.we-love-camping.com\/en\/wp-json\/wp\/v2\/media\/2141"}],"wp:attachment":[{"href":"https:\/\/www.we-love-camping.com\/en\/wp-json\/wp\/v2\/media?parent=2142"}],"wp:term":[{"taxonomy":"category","embeddable":true,"href":"https:\/\/www.we-love-camping.com\/en\/wp-json\/wp\/v2\/categories?post=2142"},{"taxonomy":"post_tag","embeddable":true,"href":"https:\/\/www.we-love-camping.com\/en\/wp-json\/wp\/v2\/tags?post=2142"}],"curies":[{"name":"wp","href":"https:\/\/api.w.org\/{rel}","templated":true}]}}