{"id":2030,"date":"2021-06-15T23:53:00","date_gmt":"2021-06-15T21:53:00","guid":{"rendered":"https:\/\/www.we-love-camping.com\/2021\/06\/15\/gathering-of-caravans-and-motorhomes-for-the-100th-anniversary-of-notin\/"},"modified":"2025-12-05T00:06:24","modified_gmt":"2025-12-04T23:06:24","slug":"gathering-of-caravans-and-motorhomes-for-the-100th-anniversary-of-notin","status":"publish","type":"post","link":"https:\/\/www.we-love-camping.com\/en\/2021\/06\/15\/gathering-of-caravans-and-motorhomes-for-the-100th-anniversary-of-notin\/","title":{"rendered":"Gathering of caravans and motorhomes for Notin&#8217;s 100th anniversary"},"content":{"rendered":"\n<p><strong>To celebrate the <a href=\"https:\/\/www.we-love-camping.com\/en\/2020\/12\/04\/caravans-and-motorhomes-notin-100-years-of-history\/\">100th anniversary of the Notin caravan and motorhome brand<\/a>, some sixty caravans and motorhomes ranging from the 1930s to the 1980s gathered in Azay-le-Rideau over the Whitsun weekend.<\/strong><\/p>\n\n<p>This gathering, organized by enthusiasts of retro camping and the Notin brand, should have taken place last year, but Covid had decided otherwise. A year later, it was a great success and a fine tribute to the 100-year-old brand (101 years old, after all!). On the banks of the Indre River, a truly timeless campsite was set up. Not only was it possible to see some very fine Notin caravans from the last century, but also the vehicles associated with them, along with many of the old American cars that Notin caravan owners appreciated. These caravans, which never weighed less than a ton, had to be towed. In addition to the caravans and their cars, the pitches were decorated with vintage camping equipment. The oldest caravan at the gathering, probably the oldest Notin caravan still running, dated from 1938. Although caravans were in the vast majority at this event, a few motorhomes were also present. Here&#8217;s a video look back at this successful anniversary, with a presentation of the caravans from some of the enthusiasts present at Azay-le-Rideau.        <\/p>\n\n<figure class=\"wp-block-embed is-type-video is-provider-youtube wp-block-embed-youtube wp-embed-aspect-16-9 wp-has-aspect-ratio\"><div class=\"wp-block-embed__wrapper\">\n<div class=\"geodir-embed-container\"><iframe loading=\"lazy\" title=\"100 ans des caravanes Notin\" width=\"920\" height=\"518\" src=\"https:\/\/www.youtube.com\/embed\/qyI9ZUL2_qc?feature=oembed\" frameborder=\"0\" allow=\"accelerometer; autoplay; clipboard-write; encrypted-media; gyroscope; picture-in-picture; web-share\" referrerpolicy=\"strict-origin-when-cross-origin\" allowfullscreen><\/iframe><\/div>\n<\/div><\/figure>\n","protected":false},"excerpt":{"rendered":"<p>To celebrate the 100th anniversary of the Notin caravan and motorhome brand, some sixty caravans and motorhomes ranging from the 1930s to the 1980s gathered in Azay-le-Rideau over the Whitsun weekend. This gathering, organized by enthusiasts of retro camping and the Notin brand, should have taken place last year, but Covid had decided otherwise. A [&hellip;]<\/p>\n","protected":false},"author":1,"featured_media":2029,"comment_status":"open","ping_status":"closed","sticky":false,"template":"","format":"standard","meta":{"footnotes":""},"categories":[164,475,1,477],"tags":[],"class_list":["post-2030","post","type-post","status-publish","format-standard","has-post-thumbnail","hentry","category-camping-equipment","category-caravan","category-morbihan-2","category-motorhome"],"yoast_head":"<!-- This site is optimized with the Yoast SEO Premium plugin v27.4 (Yoast SEO v27.4) - https:\/\/yoast.com\/product\/yoast-seo-premium-wordpress\/ -->\n<title>Gathering of caravans and motorhomes for Notin&#039;s 100th anniversary - We Love Camping | Des campings authentiques avec emplacements nus<\/title>\n<meta name=\"robots\" content=\"index, follow, max-snippet:-1, max-image-preview:large, max-video-preview:-1\" \/>\n<link rel=\"canonical\" href=\"https:\/\/www.we-love-camping.com\/en\/2021\/06\/15\/gathering-of-caravans-and-motorhomes-for-the-100th-anniversary-of-notin\/\" \/>\n<meta property=\"og:locale\" content=\"en_US\" \/>\n<meta property=\"og:type\" content=\"article\" \/>\n<meta property=\"og:title\" content=\"Gathering of caravans and motorhomes for Notin&#039;s 100th anniversary\" \/>\n<meta property=\"og:description\" content=\"To celebrate the 100th anniversary of the Notin caravan and motorhome brand, some sixty caravans and motorhomes ranging from the 1930s to the 1980s ga\" \/>\n<meta property=\"og:url\" content=\"https:\/\/www.we-love-camping.com\/en\/2021\/06\/15\/gathering-of-caravans-and-motorhomes-for-the-100th-anniversary-of-notin\/\" \/>\n<meta property=\"og:site_name\" content=\"We Love Camping | Des campings authentiques avec emplacements nus\" \/>\n<meta property=\"article:published_time\" content=\"2021-06-15T21:53:00+00:00\" \/>\n<meta property=\"article:modified_time\" content=\"2025-12-04T23:06:24+00:00\" \/>\n<meta property=\"og:image\" content=\"https:\/\/www.we-love-camping.com\/wp-content\/uploads\/2021\/06\/caravane-notin-768x444-1.jpg\" \/>\n\t<meta property=\"og:image:width\" content=\"768\" \/>\n\t<meta property=\"og:image:height\" content=\"444\" \/>\n\t<meta property=\"og:image:type\" content=\"image\/jpeg\" \/>\n<meta name=\"author\" content=\"We Love Camping\" \/>\n<meta name=\"twitter:card\" content=\"summary_large_image\" \/>\n<meta name=\"twitter:label1\" content=\"Written by\" \/>\n\t<meta name=\"twitter:data1\" content=\"We Love Camping\" \/>\n\t<meta name=\"twitter:label2\" content=\"Est. reading time\" \/>\n\t<meta name=\"twitter:data2\" content=\"1 minute\" \/>\n<script type=\"application\/ld+json\" class=\"yoast-schema-graph\">{\"@context\":\"https:\\\/\\\/schema.org\",\"@graph\":[{\"@type\":\"Article\",\"@id\":\"https:\\\/\\\/www.we-love-camping.com\\\/en\\\/2021\\\/06\\\/15\\\/gathering-of-caravans-and-motorhomes-for-the-100th-anniversary-of-notin\\\/#article\",\"isPartOf\":{\"@id\":\"https:\\\/\\\/www.we-love-camping.com\\\/en\\\/2021\\\/06\\\/15\\\/gathering-of-caravans-and-motorhomes-for-the-100th-anniversary-of-notin\\\/\"},\"author\":{\"name\":\"We Love Camping\",\"@id\":\"https:\\\/\\\/www.we-love-camping.com\\\/en\\\/#\\\/schema\\\/person\\\/8e23e6629235a226b17755b9302b1a40\"},\"headline\":\"Gathering of caravans and motorhomes for Notin&#8217;s 100th anniversary\",\"datePublished\":\"2021-06-15T21:53:00+00:00\",\"dateModified\":\"2025-12-04T23:06:24+00:00\",\"mainEntityOfPage\":{\"@id\":\"https:\\\/\\\/www.we-love-camping.com\\\/en\\\/2021\\\/06\\\/15\\\/gathering-of-caravans-and-motorhomes-for-the-100th-anniversary-of-notin\\\/\"},\"wordCount\":227,\"commentCount\":0,\"image\":{\"@id\":\"https:\\\/\\\/www.we-love-camping.com\\\/en\\\/2021\\\/06\\\/15\\\/gathering-of-caravans-and-motorhomes-for-the-100th-anniversary-of-notin\\\/#primaryimage\"},\"thumbnailUrl\":\"https:\\\/\\\/www.we-love-camping.com\\\/wp-content\\\/uploads\\\/2021\\\/06\\\/caravane-notin-768x444-1.jpg\",\"articleSection\":[\"Camping equipment\",\"Caravan\",\"Morbihan\",\"Motorhome\"],\"inLanguage\":\"en-US\",\"potentialAction\":[{\"@type\":\"CommentAction\",\"name\":\"Comment\",\"target\":[\"https:\\\/\\\/www.we-love-camping.com\\\/en\\\/2021\\\/06\\\/15\\\/gathering-of-caravans-and-motorhomes-for-the-100th-anniversary-of-notin\\\/#respond\"]}]},{\"@type\":\"WebPage\",\"@id\":\"https:\\\/\\\/www.we-love-camping.com\\\/en\\\/2021\\\/06\\\/15\\\/gathering-of-caravans-and-motorhomes-for-the-100th-anniversary-of-notin\\\/\",\"url\":\"https:\\\/\\\/www.we-love-camping.com\\\/en\\\/2021\\\/06\\\/15\\\/gathering-of-caravans-and-motorhomes-for-the-100th-anniversary-of-notin\\\/\",\"name\":\"Gathering of caravans and motorhomes for Notin's 100th anniversary - We Love Camping | Des campings authentiques avec emplacements nus\",\"isPartOf\":{\"@id\":\"https:\\\/\\\/www.we-love-camping.com\\\/en\\\/#website\"},\"primaryImageOfPage\":{\"@id\":\"https:\\\/\\\/www.we-love-camping.com\\\/en\\\/2021\\\/06\\\/15\\\/gathering-of-caravans-and-motorhomes-for-the-100th-anniversary-of-notin\\\/#primaryimage\"},\"image\":{\"@id\":\"https:\\\/\\\/www.we-love-camping.com\\\/en\\\/2021\\\/06\\\/15\\\/gathering-of-caravans-and-motorhomes-for-the-100th-anniversary-of-notin\\\/#primaryimage\"},\"thumbnailUrl\":\"https:\\\/\\\/www.we-love-camping.com\\\/wp-content\\\/uploads\\\/2021\\\/06\\\/caravane-notin-768x444-1.jpg\",\"datePublished\":\"2021-06-15T21:53:00+00:00\",\"dateModified\":\"2025-12-04T23:06:24+00:00\",\"author\":{\"@id\":\"https:\\\/\\\/www.we-love-camping.com\\\/en\\\/#\\\/schema\\\/person\\\/8e23e6629235a226b17755b9302b1a40\"},\"breadcrumb\":{\"@id\":\"https:\\\/\\\/www.we-love-camping.com\\\/en\\\/2021\\\/06\\\/15\\\/gathering-of-caravans-and-motorhomes-for-the-100th-anniversary-of-notin\\\/#breadcrumb\"},\"inLanguage\":\"en-US\",\"potentialAction\":[{\"@type\":\"ReadAction\",\"target\":[\"https:\\\/\\\/www.we-love-camping.com\\\/en\\\/2021\\\/06\\\/15\\\/gathering-of-caravans-and-motorhomes-for-the-100th-anniversary-of-notin\\\/\"]}]},{\"@type\":\"ImageObject\",\"inLanguage\":\"en-US\",\"@id\":\"https:\\\/\\\/www.we-love-camping.com\\\/en\\\/2021\\\/06\\\/15\\\/gathering-of-caravans-and-motorhomes-for-the-100th-anniversary-of-notin\\\/#primaryimage\",\"url\":\"https:\\\/\\\/www.we-love-camping.com\\\/wp-content\\\/uploads\\\/2021\\\/06\\\/caravane-notin-768x444-1.jpg\",\"contentUrl\":\"https:\\\/\\\/www.we-love-camping.com\\\/wp-content\\\/uploads\\\/2021\\\/06\\\/caravane-notin-768x444-1.jpg\",\"width\":768,\"height\":444,\"caption\":\"Notin caravan rally\"},{\"@type\":\"BreadcrumbList\",\"@id\":\"https:\\\/\\\/www.we-love-camping.com\\\/en\\\/2021\\\/06\\\/15\\\/gathering-of-caravans-and-motorhomes-for-the-100th-anniversary-of-notin\\\/#breadcrumb\",\"itemListElement\":[{\"@type\":\"ListItem\",\"position\":1,\"name\":\"Home\",\"item\":\"https:\\\/\\\/www.we-love-camping.com\\\/en\\\/\"},{\"@type\":\"ListItem\",\"position\":2,\"name\":\"Gathering of caravans and motorhomes for Notin&#8217;s 100th anniversary\"}]},{\"@type\":\"WebSite\",\"@id\":\"https:\\\/\\\/www.we-love-camping.com\\\/en\\\/#website\",\"url\":\"https:\\\/\\\/www.we-love-camping.com\\\/en\\\/\",\"name\":\"We Love Camping | Des campings authentiques avec emplacements nus\",\"description\":\"\",\"potentialAction\":[{\"@type\":\"SearchAction\",\"target\":{\"@type\":\"EntryPoint\",\"urlTemplate\":\"https:\\\/\\\/www.we-love-camping.com\\\/en\\\/?s={search_term_string}\"},\"query-input\":{\"@type\":\"PropertyValueSpecification\",\"valueRequired\":true,\"valueName\":\"search_term_string\"}}],\"inLanguage\":\"en-US\"},{\"@type\":\"Person\",\"@id\":\"https:\\\/\\\/www.we-love-camping.com\\\/en\\\/#\\\/schema\\\/person\\\/8e23e6629235a226b17755b9302b1a40\",\"name\":\"We Love Camping\",\"image\":{\"@type\":\"ImageObject\",\"inLanguage\":\"en-US\",\"@id\":\"https:\\\/\\\/secure.gravatar.com\\\/avatar\\\/8d70993dfb720d9b94df2eb44f6cfee44028ee2981ed16dc3bcb5fa8680b5297?s=96&r=g&d=https:\\\/\\\/www.we-love-camping.com\\\/wp-content\\\/plugins\\\/userswp\\\/assets\\\/images\\\/no_profile.png\",\"url\":\"https:\\\/\\\/secure.gravatar.com\\\/avatar\\\/8d70993dfb720d9b94df2eb44f6cfee44028ee2981ed16dc3bcb5fa8680b5297?s=96&r=g&d=https:\\\/\\\/www.we-love-camping.com\\\/wp-content\\\/plugins\\\/userswp\\\/assets\\\/images\\\/no_profile.png\",\"contentUrl\":\"https:\\\/\\\/secure.gravatar.com\\\/avatar\\\/8d70993dfb720d9b94df2eb44f6cfee44028ee2981ed16dc3bcb5fa8680b5297?s=96&r=g&d=https:\\\/\\\/www.we-love-camping.com\\\/wp-content\\\/plugins\\\/userswp\\\/assets\\\/images\\\/no_profile.png\",\"caption\":\"We Love Camping\"},\"description\":\"C'est parce que nous aimons le camping traditionnel que nous avons pens\u00e9 \u00e0 ce site. Parce que nous regrettons parfois que le mobile-home occupe d\u00e9sormais tant de place sur les campings, nous avons voulu mettre en avant les terrains o\u00f9 les tentes, les caravanes et les camping-cars restent majoritaire. Et offrir \u00e0 tout ceux qui partagent notre amour de la vie en plein air, un site avec des id\u00e9es de voyages, des conseils techniques et surtout un choix de campings o\u00f9 il fait bon venir poser sa caravane ou planter sa tente.\",\"sameAs\":[\"https:\\\/\\\/www.we-love-camping.com\"],\"url\":\"https:\\\/\\\/www.we-love-camping.com\\\/profile\\\/lambelin-welovecamping\\\/\"}]}<\/script>\n<!-- \/ Yoast SEO Premium plugin. -->","yoast_head_json":{"title":"Gathering of caravans and motorhomes for Notin's 100th anniversary - We Love Camping | Des campings authentiques avec emplacements nus","robots":{"index":"index","follow":"follow","max-snippet":"max-snippet:-1","max-image-preview":"max-image-preview:large","max-video-preview":"max-video-preview:-1"},"canonical":"https:\/\/www.we-love-camping.com\/en\/2021\/06\/15\/gathering-of-caravans-and-motorhomes-for-the-100th-anniversary-of-notin\/","og_locale":"en_US","og_type":"article","og_title":"Gathering of caravans and motorhomes for Notin's 100th anniversary","og_description":"To celebrate the 100th anniversary of the Notin caravan and motorhome brand, some sixty caravans and motorhomes ranging from the 1930s to the 1980s ga","og_url":"https:\/\/www.we-love-camping.com\/en\/2021\/06\/15\/gathering-of-caravans-and-motorhomes-for-the-100th-anniversary-of-notin\/","og_site_name":"We Love Camping | Des campings authentiques avec emplacements nus","article_published_time":"2021-06-15T21:53:00+00:00","article_modified_time":"2025-12-04T23:06:24+00:00","og_image":[{"width":768,"height":444,"url":"https:\/\/www.we-love-camping.com\/wp-content\/uploads\/2021\/06\/caravane-notin-768x444-1.jpg","type":"image\/jpeg"}],"author":"We Love Camping","twitter_card":"summary_large_image","twitter_misc":{"Written by":"We Love Camping","Est. reading time":"1 minute"},"schema":{"@context":"https:\/\/schema.org","@graph":[{"@type":"Article","@id":"https:\/\/www.we-love-camping.com\/en\/2021\/06\/15\/gathering-of-caravans-and-motorhomes-for-the-100th-anniversary-of-notin\/#article","isPartOf":{"@id":"https:\/\/www.we-love-camping.com\/en\/2021\/06\/15\/gathering-of-caravans-and-motorhomes-for-the-100th-anniversary-of-notin\/"},"author":{"name":"We Love Camping","@id":"https:\/\/www.we-love-camping.com\/en\/#\/schema\/person\/8e23e6629235a226b17755b9302b1a40"},"headline":"Gathering of caravans and motorhomes for Notin&#8217;s 100th anniversary","datePublished":"2021-06-15T21:53:00+00:00","dateModified":"2025-12-04T23:06:24+00:00","mainEntityOfPage":{"@id":"https:\/\/www.we-love-camping.com\/en\/2021\/06\/15\/gathering-of-caravans-and-motorhomes-for-the-100th-anniversary-of-notin\/"},"wordCount":227,"commentCount":0,"image":{"@id":"https:\/\/www.we-love-camping.com\/en\/2021\/06\/15\/gathering-of-caravans-and-motorhomes-for-the-100th-anniversary-of-notin\/#primaryimage"},"thumbnailUrl":"https:\/\/www.we-love-camping.com\/wp-content\/uploads\/2021\/06\/caravane-notin-768x444-1.jpg","articleSection":["Camping equipment","Caravan","Morbihan","Motorhome"],"inLanguage":"en-US","potentialAction":[{"@type":"CommentAction","name":"Comment","target":["https:\/\/www.we-love-camping.com\/en\/2021\/06\/15\/gathering-of-caravans-and-motorhomes-for-the-100th-anniversary-of-notin\/#respond"]}]},{"@type":"WebPage","@id":"https:\/\/www.we-love-camping.com\/en\/2021\/06\/15\/gathering-of-caravans-and-motorhomes-for-the-100th-anniversary-of-notin\/","url":"https:\/\/www.we-love-camping.com\/en\/2021\/06\/15\/gathering-of-caravans-and-motorhomes-for-the-100th-anniversary-of-notin\/","name":"Gathering of caravans and motorhomes for Notin's 100th anniversary - We Love Camping | Des campings authentiques avec emplacements nus","isPartOf":{"@id":"https:\/\/www.we-love-camping.com\/en\/#website"},"primaryImageOfPage":{"@id":"https:\/\/www.we-love-camping.com\/en\/2021\/06\/15\/gathering-of-caravans-and-motorhomes-for-the-100th-anniversary-of-notin\/#primaryimage"},"image":{"@id":"https:\/\/www.we-love-camping.com\/en\/2021\/06\/15\/gathering-of-caravans-and-motorhomes-for-the-100th-anniversary-of-notin\/#primaryimage"},"thumbnailUrl":"https:\/\/www.we-love-camping.com\/wp-content\/uploads\/2021\/06\/caravane-notin-768x444-1.jpg","datePublished":"2021-06-15T21:53:00+00:00","dateModified":"2025-12-04T23:06:24+00:00","author":{"@id":"https:\/\/www.we-love-camping.com\/en\/#\/schema\/person\/8e23e6629235a226b17755b9302b1a40"},"breadcrumb":{"@id":"https:\/\/www.we-love-camping.com\/en\/2021\/06\/15\/gathering-of-caravans-and-motorhomes-for-the-100th-anniversary-of-notin\/#breadcrumb"},"inLanguage":"en-US","potentialAction":[{"@type":"ReadAction","target":["https:\/\/www.we-love-camping.com\/en\/2021\/06\/15\/gathering-of-caravans-and-motorhomes-for-the-100th-anniversary-of-notin\/"]}]},{"@type":"ImageObject","inLanguage":"en-US","@id":"https:\/\/www.we-love-camping.com\/en\/2021\/06\/15\/gathering-of-caravans-and-motorhomes-for-the-100th-anniversary-of-notin\/#primaryimage","url":"https:\/\/www.we-love-camping.com\/wp-content\/uploads\/2021\/06\/caravane-notin-768x444-1.jpg","contentUrl":"https:\/\/www.we-love-camping.com\/wp-content\/uploads\/2021\/06\/caravane-notin-768x444-1.jpg","width":768,"height":444,"caption":"Notin caravan rally"},{"@type":"BreadcrumbList","@id":"https:\/\/www.we-love-camping.com\/en\/2021\/06\/15\/gathering-of-caravans-and-motorhomes-for-the-100th-anniversary-of-notin\/#breadcrumb","itemListElement":[{"@type":"ListItem","position":1,"name":"Home","item":"https:\/\/www.we-love-camping.com\/en\/"},{"@type":"ListItem","position":2,"name":"Gathering of caravans and motorhomes for Notin&#8217;s 100th anniversary"}]},{"@type":"WebSite","@id":"https:\/\/www.we-love-camping.com\/en\/#website","url":"https:\/\/www.we-love-camping.com\/en\/","name":"We Love Camping | Des campings authentiques avec emplacements nus","description":"","potentialAction":[{"@type":"SearchAction","target":{"@type":"EntryPoint","urlTemplate":"https:\/\/www.we-love-camping.com\/en\/?s={search_term_string}"},"query-input":{"@type":"PropertyValueSpecification","valueRequired":true,"valueName":"search_term_string"}}],"inLanguage":"en-US"},{"@type":"Person","@id":"https:\/\/www.we-love-camping.com\/en\/#\/schema\/person\/8e23e6629235a226b17755b9302b1a40","name":"We Love Camping","image":{"@type":"ImageObject","inLanguage":"en-US","@id":"https:\/\/secure.gravatar.com\/avatar\/8d70993dfb720d9b94df2eb44f6cfee44028ee2981ed16dc3bcb5fa8680b5297?s=96&r=g&d=https:\/\/www.we-love-camping.com\/wp-content\/plugins\/userswp\/assets\/images\/no_profile.png","url":"https:\/\/secure.gravatar.com\/avatar\/8d70993dfb720d9b94df2eb44f6cfee44028ee2981ed16dc3bcb5fa8680b5297?s=96&r=g&d=https:\/\/www.we-love-camping.com\/wp-content\/plugins\/userswp\/assets\/images\/no_profile.png","contentUrl":"https:\/\/secure.gravatar.com\/avatar\/8d70993dfb720d9b94df2eb44f6cfee44028ee2981ed16dc3bcb5fa8680b5297?s=96&r=g&d=https:\/\/www.we-love-camping.com\/wp-content\/plugins\/userswp\/assets\/images\/no_profile.png","caption":"We Love Camping"},"description":"C'est parce que nous aimons le camping traditionnel que nous avons pens\u00e9 \u00e0 ce site. Parce que nous regrettons parfois que le mobile-home occupe d\u00e9sormais tant de place sur les campings, nous avons voulu mettre en avant les terrains o\u00f9 les tentes, les caravanes et les camping-cars restent majoritaire. Et offrir \u00e0 tout ceux qui partagent notre amour de la vie en plein air, un site avec des id\u00e9es de voyages, des conseils techniques et surtout un choix de campings o\u00f9 il fait bon venir poser sa caravane ou planter sa tente.","sameAs":["https:\/\/www.we-love-camping.com"],"url":"https:\/\/www.we-love-camping.com\/profile\/lambelin-welovecamping\/"}]}},"_links":{"self":[{"href":"https:\/\/www.we-love-camping.com\/en\/wp-json\/wp\/v2\/posts\/2030","targetHints":{"allow":["GET"]}}],"collection":[{"href":"https:\/\/www.we-love-camping.com\/en\/wp-json\/wp\/v2\/posts"}],"about":[{"href":"https:\/\/www.we-love-camping.com\/en\/wp-json\/wp\/v2\/types\/post"}],"author":[{"embeddable":true,"href":"https:\/\/www.we-love-camping.com\/en\/wp-json\/wp\/v2\/users\/1"}],"replies":[{"embeddable":true,"href":"https:\/\/www.we-love-camping.com\/en\/wp-json\/wp\/v2\/comments?post=2030"}],"version-history":[{"count":0,"href":"https:\/\/www.we-love-camping.com\/en\/wp-json\/wp\/v2\/posts\/2030\/revisions"}],"wp:featuredmedia":[{"embeddable":true,"href":"https:\/\/www.we-love-camping.com\/en\/wp-json\/wp\/v2\/media\/2029"}],"wp:attachment":[{"href":"https:\/\/www.we-love-camping.com\/en\/wp-json\/wp\/v2\/media?parent=2030"}],"wp:term":[{"taxonomy":"category","embeddable":true,"href":"https:\/\/www.we-love-camping.com\/en\/wp-json\/wp\/v2\/categories?post=2030"},{"taxonomy":"post_tag","embeddable":true,"href":"https:\/\/www.we-love-camping.com\/en\/wp-json\/wp\/v2\/tags?post=2030"}],"curies":[{"name":"wp","href":"https:\/\/api.w.org\/{rel}","templated":true}]}}