{"id":1169,"date":"2024-09-01T23:34:00","date_gmt":"2024-09-01T21:34:00","guid":{"rendered":"https:\/\/www.we-love-camping.com\/2024\/09\/01\/vws-multivan-reaches-new-heights-with-the-spacecamper-classic-prototype\/"},"modified":"2025-11-11T20:12:35","modified_gmt":"2025-11-11T19:12:35","slug":"vws-multivan-reaches-new-heights-with-the-spacecamper-classic-prototype","status":"publish","type":"post","link":"https:\/\/www.we-love-camping.com\/en\/2024\/09\/01\/vws-multivan-reaches-new-heights-with-the-spacecamper-classic-prototype\/","title":{"rendered":"VW&#8217;s Multivan reaches new heights with the SpaceCamper classic+ prototype"},"content":{"rendered":"\n<p>For several years now, the world of vans and motorhomes has been trending upwards. In addition to the success of roof tents, we have seen the arrival on the market of vans and motorhomes with pop-up roofs, such as the B\u00fcrstner Lyseo and Hymer Venture S motorhomes that we discovered at the 2022 D\u00fcsseldorf Motorhome Show. Not to mention pop-up roof caravans such as the Beachy and the BiVan. Continuing this trend, the SpaceCamper brand presented an interesting extra-large pop-up roof concept at the last D\u00fcsseldorf show, the SpaceCamper Roof, mounted on the SpaceCamper Classic + based on the Multivan.<br\/>   <\/p>\n\n<figure class=\"wp-block-gallery has-nested-images is-layout-flex columns-default is-cropped wp-block-gallery-2\">\n<figure data-wp-context=\"{&quot;imageId&quot;:&quot;69ee7b342aa17&quot;}\" data-wp-interactive=\"core\/image\" data-wp-key=\"69ee7b342aa17\" class=\"wp-block-image size-large wp-lightbox-container\"><img loading=\"lazy\" decoding=\"async\" width=\"1024\" height=\"699\" data-wp-class--hide=\"state.isContentHidden\" data-wp-class--show=\"state.isContentVisible\" data-wp-init=\"callbacks.setButtonStyles\" data-wp-on--click=\"actions.showLightbox\" data-wp-on--load=\"callbacks.setButtonStyles\" data-wp-on-window--resize=\"callbacks.setButtonStyles\" data-id=\"1043\" src=\"https:\/\/www.we-love-camping.com\/wp-content\/uploads\/2025\/11\/spacecamper-2024-002-1024x699.jpg\" alt=\"\" class=\"wp-image-1043\" srcset=\"https:\/\/www.we-love-camping.com\/wp-content\/uploads\/2025\/11\/spacecamper-2024-002-1024x699.jpg 1024w, https:\/\/www.we-love-camping.com\/wp-content\/uploads\/2025\/11\/spacecamper-2024-002-300x205.jpg 300w, https:\/\/www.we-love-camping.com\/wp-content\/uploads\/2025\/11\/spacecamper-2024-002-768x524.jpg 768w, https:\/\/www.we-love-camping.com\/wp-content\/uploads\/2025\/11\/spacecamper-2024-002-1536x1048.jpg 1536w, https:\/\/www.we-love-camping.com\/wp-content\/uploads\/2025\/11\/spacecamper-2024-002.jpg 1920w\" sizes=\"auto, (max-width: 1024px) 100vw, 1024px\" \/><button\n\t\t\tclass=\"lightbox-trigger\"\n\t\t\ttype=\"button\"\n\t\t\taria-haspopup=\"dialog\"\n\t\t\taria-label=\"Enlarge\"\n\t\t\tdata-wp-init=\"callbacks.initTriggerButton\"\n\t\t\tdata-wp-on--click=\"actions.showLightbox\"\n\t\t\tdata-wp-style--right=\"state.imageButtonRight\"\n\t\t\tdata-wp-style--top=\"state.imageButtonTop\"\n\t\t>\n\t\t\t<svg xmlns=\"http:\/\/www.w3.org\/2000\/svg\" width=\"12\" height=\"12\" fill=\"none\" viewBox=\"0 0 12 12\">\n\t\t\t\t<path fill=\"#fff\" d=\"M2 0a2 2 0 0 0-2 2v2h1.5V2a.5.5 0 0 1 .5-.5h2V0H2Zm2 10.5H2a.5.5 0 0 1-.5-.5V8H0v2a2 2 0 0 0 2 2h2v-1.5ZM8 12v-1.5h2a.5.5 0 0 0 .5-.5V8H12v2a2 2 0 0 1-2 2H8Zm2-12a2 2 0 0 1 2 2v2h-1.5V2a.5.5 0 0 0-.5-.5H8V0h2Z\" \/>\n\t\t\t<\/svg>\n\t\t<\/button><\/figure>\n\n\n\n<figure data-wp-context=\"{&quot;imageId&quot;:&quot;69ee7b342b3b6&quot;}\" data-wp-interactive=\"core\/image\" data-wp-key=\"69ee7b342b3b6\" class=\"wp-block-image size-large wp-lightbox-container\"><img loading=\"lazy\" decoding=\"async\" width=\"1024\" height=\"684\" data-wp-class--hide=\"state.isContentHidden\" data-wp-class--show=\"state.isContentVisible\" data-wp-init=\"callbacks.setButtonStyles\" data-wp-on--click=\"actions.showLightbox\" data-wp-on--load=\"callbacks.setButtonStyles\" data-wp-on-window--resize=\"callbacks.setButtonStyles\" data-id=\"1044\" src=\"https:\/\/www.we-love-camping.com\/wp-content\/uploads\/2025\/11\/spacecamper-2024-005-1024x684.jpg\" alt=\"\" class=\"wp-image-1044\" srcset=\"https:\/\/www.we-love-camping.com\/wp-content\/uploads\/2025\/11\/spacecamper-2024-005-1024x684.jpg 1024w, https:\/\/www.we-love-camping.com\/wp-content\/uploads\/2025\/11\/spacecamper-2024-005-300x200.jpg 300w, https:\/\/www.we-love-camping.com\/wp-content\/uploads\/2025\/11\/spacecamper-2024-005-768x513.jpg 768w, https:\/\/www.we-love-camping.com\/wp-content\/uploads\/2025\/11\/spacecamper-2024-005-1536x1026.jpg 1536w, https:\/\/www.we-love-camping.com\/wp-content\/uploads\/2025\/11\/spacecamper-2024-005.jpg 1920w\" sizes=\"auto, (max-width: 1024px) 100vw, 1024px\" \/><button\n\t\t\tclass=\"lightbox-trigger\"\n\t\t\ttype=\"button\"\n\t\t\taria-haspopup=\"dialog\"\n\t\t\taria-label=\"Enlarge\"\n\t\t\tdata-wp-init=\"callbacks.initTriggerButton\"\n\t\t\tdata-wp-on--click=\"actions.showLightbox\"\n\t\t\tdata-wp-style--right=\"state.imageButtonRight\"\n\t\t\tdata-wp-style--top=\"state.imageButtonTop\"\n\t\t>\n\t\t\t<svg xmlns=\"http:\/\/www.w3.org\/2000\/svg\" width=\"12\" height=\"12\" fill=\"none\" viewBox=\"0 0 12 12\">\n\t\t\t\t<path fill=\"#fff\" d=\"M2 0a2 2 0 0 0-2 2v2h1.5V2a.5.5 0 0 1 .5-.5h2V0H2Zm2 10.5H2a.5.5 0 0 1-.5-.5V8H0v2a2 2 0 0 0 2 2h2v-1.5ZM8 12v-1.5h2a.5.5 0 0 0 .5-.5V8H12v2a2 2 0 0 1-2 2H8Zm2-12a2 2 0 0 1 2 2v2h-1.5V2a.5.5 0 0 0-.5-.5H8V0h2Z\" \/>\n\t\t\t<\/svg>\n\t\t<\/button><\/figure>\n\n\n\n<figure data-wp-context=\"{&quot;imageId&quot;:&quot;69ee7b342bc55&quot;}\" data-wp-interactive=\"core\/image\" data-wp-key=\"69ee7b342bc55\" class=\"wp-block-image size-large wp-lightbox-container\"><img loading=\"lazy\" decoding=\"async\" width=\"1024\" height=\"948\" data-wp-class--hide=\"state.isContentHidden\" data-wp-class--show=\"state.isContentVisible\" data-wp-init=\"callbacks.setButtonStyles\" data-wp-on--click=\"actions.showLightbox\" data-wp-on--load=\"callbacks.setButtonStyles\" data-wp-on-window--resize=\"callbacks.setButtonStyles\" data-id=\"1047\" src=\"https:\/\/www.we-love-camping.com\/wp-content\/uploads\/2025\/11\/spacecamper-2024-006-1024x948.jpg\" alt=\"\" class=\"wp-image-1047\" srcset=\"https:\/\/www.we-love-camping.com\/wp-content\/uploads\/2025\/11\/spacecamper-2024-006-1024x948.jpg 1024w, https:\/\/www.we-love-camping.com\/wp-content\/uploads\/2025\/11\/spacecamper-2024-006-300x278.jpg 300w, https:\/\/www.we-love-camping.com\/wp-content\/uploads\/2025\/11\/spacecamper-2024-006-768x711.jpg 768w, https:\/\/www.we-love-camping.com\/wp-content\/uploads\/2025\/11\/spacecamper-2024-006-1536x1422.jpg 1536w, https:\/\/www.we-love-camping.com\/wp-content\/uploads\/2025\/11\/spacecamper-2024-006.jpg 1920w\" sizes=\"auto, (max-width: 1024px) 100vw, 1024px\" \/><button\n\t\t\tclass=\"lightbox-trigger\"\n\t\t\ttype=\"button\"\n\t\t\taria-haspopup=\"dialog\"\n\t\t\taria-label=\"Enlarge\"\n\t\t\tdata-wp-init=\"callbacks.initTriggerButton\"\n\t\t\tdata-wp-on--click=\"actions.showLightbox\"\n\t\t\tdata-wp-style--right=\"state.imageButtonRight\"\n\t\t\tdata-wp-style--top=\"state.imageButtonTop\"\n\t\t>\n\t\t\t<svg xmlns=\"http:\/\/www.w3.org\/2000\/svg\" width=\"12\" height=\"12\" fill=\"none\" viewBox=\"0 0 12 12\">\n\t\t\t\t<path fill=\"#fff\" d=\"M2 0a2 2 0 0 0-2 2v2h1.5V2a.5.5 0 0 1 .5-.5h2V0H2Zm2 10.5H2a.5.5 0 0 1-.5-.5V8H0v2a2 2 0 0 0 2 2h2v-1.5ZM8 12v-1.5h2a.5.5 0 0 0 .5-.5V8H12v2a2 2 0 0 1-2 2H8Zm2-12a2 2 0 0 1 2 2v2h-1.5V2a.5.5 0 0 0-.5-.5H8V0h2Z\" \/>\n\t\t\t<\/svg>\n\t\t<\/button><\/figure>\n\n\n\n<figure data-wp-context=\"{&quot;imageId&quot;:&quot;69ee7b342c444&quot;}\" data-wp-interactive=\"core\/image\" data-wp-key=\"69ee7b342c444\" class=\"wp-block-image size-large wp-lightbox-container\"><img loading=\"lazy\" decoding=\"async\" width=\"1024\" height=\"441\" data-wp-class--hide=\"state.isContentHidden\" data-wp-class--show=\"state.isContentVisible\" data-wp-init=\"callbacks.setButtonStyles\" data-wp-on--click=\"actions.showLightbox\" data-wp-on--load=\"callbacks.setButtonStyles\" data-wp-on-window--resize=\"callbacks.setButtonStyles\" data-id=\"1045\" src=\"https:\/\/www.we-love-camping.com\/wp-content\/uploads\/2025\/11\/spacecamper-2024-007-1024x441.jpg\" alt=\"\" class=\"wp-image-1045\" srcset=\"https:\/\/www.we-love-camping.com\/wp-content\/uploads\/2025\/11\/spacecamper-2024-007-1024x441.jpg 1024w, https:\/\/www.we-love-camping.com\/wp-content\/uploads\/2025\/11\/spacecamper-2024-007-300x129.jpg 300w, https:\/\/www.we-love-camping.com\/wp-content\/uploads\/2025\/11\/spacecamper-2024-007-768x331.jpg 768w, https:\/\/www.we-love-camping.com\/wp-content\/uploads\/2025\/11\/spacecamper-2024-007-1536x662.jpg 1536w, https:\/\/www.we-love-camping.com\/wp-content\/uploads\/2025\/11\/spacecamper-2024-007.jpg 1920w\" sizes=\"auto, (max-width: 1024px) 100vw, 1024px\" \/><button\n\t\t\tclass=\"lightbox-trigger\"\n\t\t\ttype=\"button\"\n\t\t\taria-haspopup=\"dialog\"\n\t\t\taria-label=\"Enlarge\"\n\t\t\tdata-wp-init=\"callbacks.initTriggerButton\"\n\t\t\tdata-wp-on--click=\"actions.showLightbox\"\n\t\t\tdata-wp-style--right=\"state.imageButtonRight\"\n\t\t\tdata-wp-style--top=\"state.imageButtonTop\"\n\t\t>\n\t\t\t<svg xmlns=\"http:\/\/www.w3.org\/2000\/svg\" width=\"12\" height=\"12\" fill=\"none\" viewBox=\"0 0 12 12\">\n\t\t\t\t<path fill=\"#fff\" d=\"M2 0a2 2 0 0 0-2 2v2h1.5V2a.5.5 0 0 1 .5-.5h2V0H2Zm2 10.5H2a.5.5 0 0 1-.5-.5V8H0v2a2 2 0 0 0 2 2h2v-1.5ZM8 12v-1.5h2a.5.5 0 0 0 .5-.5V8H12v2a2 2 0 0 1-2 2H8Zm2-12a2 2 0 0 1 2 2v2h-1.5V2a.5.5 0 0 0-.5-.5H8V0h2Z\" \/>\n\t\t\t<\/svg>\n\t\t<\/button><\/figure>\n\n\n\n<figure data-wp-context=\"{&quot;imageId&quot;:&quot;69ee7b342cc77&quot;}\" data-wp-interactive=\"core\/image\" data-wp-key=\"69ee7b342cc77\" class=\"wp-block-image size-large wp-lightbox-container\"><img loading=\"lazy\" decoding=\"async\" width=\"1024\" height=\"684\" data-wp-class--hide=\"state.isContentHidden\" data-wp-class--show=\"state.isContentVisible\" data-wp-init=\"callbacks.setButtonStyles\" data-wp-on--click=\"actions.showLightbox\" data-wp-on--load=\"callbacks.setButtonStyles\" data-wp-on-window--resize=\"callbacks.setButtonStyles\" data-id=\"1046\" src=\"https:\/\/www.we-love-camping.com\/wp-content\/uploads\/2025\/11\/spacecamper-2024-010-1024x684.jpg\" alt=\"\" class=\"wp-image-1046\" srcset=\"https:\/\/www.we-love-camping.com\/wp-content\/uploads\/2025\/11\/spacecamper-2024-010-1024x684.jpg 1024w, https:\/\/www.we-love-camping.com\/wp-content\/uploads\/2025\/11\/spacecamper-2024-010-300x200.jpg 300w, https:\/\/www.we-love-camping.com\/wp-content\/uploads\/2025\/11\/spacecamper-2024-010-768x513.jpg 768w, https:\/\/www.we-love-camping.com\/wp-content\/uploads\/2025\/11\/spacecamper-2024-010-1536x1026.jpg 1536w, https:\/\/www.we-love-camping.com\/wp-content\/uploads\/2025\/11\/spacecamper-2024-010.jpg 1920w\" sizes=\"auto, (max-width: 1024px) 100vw, 1024px\" \/><button\n\t\t\tclass=\"lightbox-trigger\"\n\t\t\ttype=\"button\"\n\t\t\taria-haspopup=\"dialog\"\n\t\t\taria-label=\"Enlarge\"\n\t\t\tdata-wp-init=\"callbacks.initTriggerButton\"\n\t\t\tdata-wp-on--click=\"actions.showLightbox\"\n\t\t\tdata-wp-style--right=\"state.imageButtonRight\"\n\t\t\tdata-wp-style--top=\"state.imageButtonTop\"\n\t\t>\n\t\t\t<svg xmlns=\"http:\/\/www.w3.org\/2000\/svg\" width=\"12\" height=\"12\" fill=\"none\" viewBox=\"0 0 12 12\">\n\t\t\t\t<path fill=\"#fff\" d=\"M2 0a2 2 0 0 0-2 2v2h1.5V2a.5.5 0 0 1 .5-.5h2V0H2Zm2 10.5H2a.5.5 0 0 1-.5-.5V8H0v2a2 2 0 0 0 2 2h2v-1.5ZM8 12v-1.5h2a.5.5 0 0 0 .5-.5V8H12v2a2 2 0 0 1-2 2H8Zm2-12a2 2 0 0 1 2 2v2h-1.5V2a.5.5 0 0 0-.5-.5H8V0h2Z\" \/>\n\t\t\t<\/svg>\n\t\t<\/button><\/figure>\n<\/figure>\n\n<p>The Multivan is one of VW&#8217;s camping-oriented vehicles. Unlike the California, however, it does not have a pop-up roof. German van conversion company SpaceCamper decided to give it one. The pop-up roof is surprisingly large. When open, it reaches a height of 2.6 metres and, more importantly, extends almost to the width of the vehicle&#8217;s wing mirrors. This width allows it to accommodate a 200 cm x 140 cm transverse bed and 700 litres of storage space. The pop-up roof does not need to be closed when driving. According to the team behind this new pop-up roof concept (we haven&#8217;t had the opportunity to see it on the road yet), it is possible to drive at speeds of up to 120 km\/h with the roof raised. However, we won&#8217;t be able to try it out for a few months, as this pop-up roof prototype is not expected to be available until 2026.<br\/>        <\/p>\n\n<h2 class=\"wp-block-heading\" id=\"h-entre-le-toit-relevable-et-la-tente-de-toit\">Between the pop-up roof and the roof tent<\/h2>\n\n<p>At first glance, you might be surprised by the design of this pop-up roof, which is very similar to a roof tent. With a height of 2.6 metres when driving, it is not far off the height of a van with roof bars and a roof tent added. Unlike a roof tent, however, the SpaceCamper Roof is accessed from inside the vehicle via the VW Multivan&#8217;s 80 cm x 100 cm sunroof. This avoids having to use the external ladder on roof tents. A plus when it rains. An advantage over roof tents. The other advantage is the ability to fold the roof down. While it is useful to be able to drive with the roof up, which avoids having to stow the bed, the SpaceCamper Roof can be folded down, reducing the height of the vehicle from 2.6 m to 2 m, which allows access to underground car parks or car parks where vehicles over 2 metres high are not permitted. This is also useful when travelling long distances and wanting to reduce fuel consumption. When the camping season is over, the SpaceCamper Roof, like a roof tent, can be dismantled and stored until the warm weather returns. Although we have only seen a prototype so far, we are eager and curious to see this new concept arrive on campsites in France and elsewhere.          <\/p>\n","protected":false},"excerpt":{"rendered":"<p>For several years now, the world of vans and motorhomes has been trending upwards. In addition to the success of roof tents, we have seen the arrival on the market of vans and motorhomes with pop-up roofs, such as the B\u00fcrstner Lyseo and Hymer Venture S motorhomes that we discovered at the 2022 D\u00fcsseldorf Motorhome [&hellip;]<\/p>\n","protected":false},"author":1,"featured_media":1168,"comment_status":"open","ping_status":"closed","sticky":false,"template":"","format":"standard","meta":{"footnotes":""},"categories":[164],"tags":[],"class_list":["post-1169","post","type-post","status-publish","format-standard","has-post-thumbnail","hentry","category-camping-equipment"],"yoast_head":"<!-- This site is optimized with the Yoast SEO Premium plugin v27.4 (Yoast SEO v27.4) - https:\/\/yoast.com\/product\/yoast-seo-premium-wordpress\/ -->\n<title>VW&#039;s Multivan reaches new heights with the SpaceCamper classic+ prototype - We Love Camping | Des campings authentiques avec emplacements nus<\/title>\n<meta name=\"robots\" content=\"index, follow, max-snippet:-1, max-image-preview:large, max-video-preview:-1\" \/>\n<link rel=\"canonical\" href=\"https:\/\/www.we-love-camping.com\/2024\/09\/01\/le-multivan-de-vw-prend-de-la-hauteur-avec-le-prototype-spacecamper-classic\/\" \/>\n<meta property=\"og:locale\" content=\"en_US\" \/>\n<meta property=\"og:type\" content=\"article\" \/>\n<meta property=\"og:title\" content=\"VW&#039;s Multivan reaches new heights with the SpaceCamper classic+ prototype\" \/>\n<meta property=\"og:description\" content=\"For several years now, the world of vans and motorhomes has been trending upwards. In addition to the success of roof tents, we have seen the arrival\" \/>\n<meta property=\"og:url\" content=\"https:\/\/www.we-love-camping.com\/2024\/09\/01\/le-multivan-de-vw-prend-de-la-hauteur-avec-le-prototype-spacecamper-classic\/\" \/>\n<meta property=\"og:site_name\" content=\"We Love Camping | Des campings authentiques avec emplacements nus\" \/>\n<meta property=\"article:published_time\" content=\"2024-09-01T21:34:00+00:00\" \/>\n<meta property=\"article:modified_time\" content=\"2025-11-11T19:12:35+00:00\" \/>\n<meta property=\"og:image\" content=\"https:\/\/www.we-love-camping.com\/wp-content\/uploads\/2025\/11\/spacecamper-2024-001.jpg\" \/>\n\t<meta property=\"og:image:width\" content=\"1920\" \/>\n\t<meta property=\"og:image:height\" content=\"886\" \/>\n\t<meta property=\"og:image:type\" content=\"image\/jpeg\" \/>\n<meta name=\"author\" content=\"We Love Camping\" \/>\n<meta name=\"twitter:card\" content=\"summary_large_image\" \/>\n<meta name=\"twitter:label1\" content=\"Written by\" \/>\n\t<meta name=\"twitter:data1\" content=\"We Love Camping\" \/>\n\t<meta name=\"twitter:label2\" content=\"Est. reading time\" \/>\n\t<meta name=\"twitter:data2\" content=\"2 minutes\" \/>\n<script type=\"application\/ld+json\" class=\"yoast-schema-graph\">{\"@context\":\"https:\\\/\\\/schema.org\",\"@graph\":[{\"@type\":\"Article\",\"@id\":\"https:\\\/\\\/www.we-love-camping.com\\\/2024\\\/09\\\/01\\\/le-multivan-de-vw-prend-de-la-hauteur-avec-le-prototype-spacecamper-classic\\\/#article\",\"isPartOf\":{\"@id\":\"https:\\\/\\\/www.we-love-camping.com\\\/2024\\\/09\\\/01\\\/le-multivan-de-vw-prend-de-la-hauteur-avec-le-prototype-spacecamper-classic\\\/\"},\"author\":{\"name\":\"We Love Camping\",\"@id\":\"https:\\\/\\\/www.we-love-camping.com\\\/en\\\/#\\\/schema\\\/person\\\/8e23e6629235a226b17755b9302b1a40\"},\"headline\":\"VW&#8217;s Multivan reaches new heights with the SpaceCamper classic+ prototype\",\"datePublished\":\"2024-09-01T21:34:00+00:00\",\"dateModified\":\"2025-11-11T19:12:35+00:00\",\"mainEntityOfPage\":{\"@id\":\"https:\\\/\\\/www.we-love-camping.com\\\/2024\\\/09\\\/01\\\/le-multivan-de-vw-prend-de-la-hauteur-avec-le-prototype-spacecamper-classic\\\/\"},\"wordCount\":491,\"commentCount\":0,\"image\":{\"@id\":\"https:\\\/\\\/www.we-love-camping.com\\\/2024\\\/09\\\/01\\\/le-multivan-de-vw-prend-de-la-hauteur-avec-le-prototype-spacecamper-classic\\\/#primaryimage\"},\"thumbnailUrl\":\"https:\\\/\\\/www.we-love-camping.com\\\/wp-content\\\/uploads\\\/2025\\\/11\\\/spacecamper-2024-001.jpg\",\"articleSection\":[\"Camping equipment\"],\"inLanguage\":\"en-US\",\"potentialAction\":[{\"@type\":\"CommentAction\",\"name\":\"Comment\",\"target\":[\"https:\\\/\\\/www.we-love-camping.com\\\/2024\\\/09\\\/01\\\/le-multivan-de-vw-prend-de-la-hauteur-avec-le-prototype-spacecamper-classic\\\/#respond\"]}]},{\"@type\":\"WebPage\",\"@id\":\"https:\\\/\\\/www.we-love-camping.com\\\/2024\\\/09\\\/01\\\/le-multivan-de-vw-prend-de-la-hauteur-avec-le-prototype-spacecamper-classic\\\/\",\"url\":\"https:\\\/\\\/www.we-love-camping.com\\\/2024\\\/09\\\/01\\\/le-multivan-de-vw-prend-de-la-hauteur-avec-le-prototype-spacecamper-classic\\\/\",\"name\":\"VW's Multivan reaches new heights with the SpaceCamper classic+ prototype - We Love Camping | Des campings authentiques avec emplacements nus\",\"isPartOf\":{\"@id\":\"https:\\\/\\\/www.we-love-camping.com\\\/en\\\/#website\"},\"primaryImageOfPage\":{\"@id\":\"https:\\\/\\\/www.we-love-camping.com\\\/2024\\\/09\\\/01\\\/le-multivan-de-vw-prend-de-la-hauteur-avec-le-prototype-spacecamper-classic\\\/#primaryimage\"},\"image\":{\"@id\":\"https:\\\/\\\/www.we-love-camping.com\\\/2024\\\/09\\\/01\\\/le-multivan-de-vw-prend-de-la-hauteur-avec-le-prototype-spacecamper-classic\\\/#primaryimage\"},\"thumbnailUrl\":\"https:\\\/\\\/www.we-love-camping.com\\\/wp-content\\\/uploads\\\/2025\\\/11\\\/spacecamper-2024-001.jpg\",\"datePublished\":\"2024-09-01T21:34:00+00:00\",\"dateModified\":\"2025-11-11T19:12:35+00:00\",\"author\":{\"@id\":\"https:\\\/\\\/www.we-love-camping.com\\\/en\\\/#\\\/schema\\\/person\\\/8e23e6629235a226b17755b9302b1a40\"},\"breadcrumb\":{\"@id\":\"https:\\\/\\\/www.we-love-camping.com\\\/2024\\\/09\\\/01\\\/le-multivan-de-vw-prend-de-la-hauteur-avec-le-prototype-spacecamper-classic\\\/#breadcrumb\"},\"inLanguage\":\"en-US\",\"potentialAction\":[{\"@type\":\"ReadAction\",\"target\":[\"https:\\\/\\\/www.we-love-camping.com\\\/2024\\\/09\\\/01\\\/le-multivan-de-vw-prend-de-la-hauteur-avec-le-prototype-spacecamper-classic\\\/\"]}]},{\"@type\":\"ImageObject\",\"inLanguage\":\"en-US\",\"@id\":\"https:\\\/\\\/www.we-love-camping.com\\\/2024\\\/09\\\/01\\\/le-multivan-de-vw-prend-de-la-hauteur-avec-le-prototype-spacecamper-classic\\\/#primaryimage\",\"url\":\"https:\\\/\\\/www.we-love-camping.com\\\/wp-content\\\/uploads\\\/2025\\\/11\\\/spacecamper-2024-001.jpg\",\"contentUrl\":\"https:\\\/\\\/www.we-love-camping.com\\\/wp-content\\\/uploads\\\/2025\\\/11\\\/spacecamper-2024-001.jpg\",\"width\":1920,\"height\":886},{\"@type\":\"BreadcrumbList\",\"@id\":\"https:\\\/\\\/www.we-love-camping.com\\\/2024\\\/09\\\/01\\\/le-multivan-de-vw-prend-de-la-hauteur-avec-le-prototype-spacecamper-classic\\\/#breadcrumb\",\"itemListElement\":[{\"@type\":\"ListItem\",\"position\":1,\"name\":\"Home\",\"item\":\"https:\\\/\\\/www.we-love-camping.com\\\/en\\\/\"},{\"@type\":\"ListItem\",\"position\":2,\"name\":\"VW&#8217;s Multivan reaches new heights with the SpaceCamper classic+ prototype\"}]},{\"@type\":\"WebSite\",\"@id\":\"https:\\\/\\\/www.we-love-camping.com\\\/en\\\/#website\",\"url\":\"https:\\\/\\\/www.we-love-camping.com\\\/en\\\/\",\"name\":\"We Love Camping | Des campings authentiques avec emplacements nus\",\"description\":\"\",\"potentialAction\":[{\"@type\":\"SearchAction\",\"target\":{\"@type\":\"EntryPoint\",\"urlTemplate\":\"https:\\\/\\\/www.we-love-camping.com\\\/en\\\/?s={search_term_string}\"},\"query-input\":{\"@type\":\"PropertyValueSpecification\",\"valueRequired\":true,\"valueName\":\"search_term_string\"}}],\"inLanguage\":\"en-US\"},{\"@type\":\"Person\",\"@id\":\"https:\\\/\\\/www.we-love-camping.com\\\/en\\\/#\\\/schema\\\/person\\\/8e23e6629235a226b17755b9302b1a40\",\"name\":\"We Love Camping\",\"image\":{\"@type\":\"ImageObject\",\"inLanguage\":\"en-US\",\"@id\":\"https:\\\/\\\/secure.gravatar.com\\\/avatar\\\/8d70993dfb720d9b94df2eb44f6cfee44028ee2981ed16dc3bcb5fa8680b5297?s=96&r=g&d=https:\\\/\\\/www.we-love-camping.com\\\/wp-content\\\/plugins\\\/userswp\\\/assets\\\/images\\\/no_profile.png\",\"url\":\"https:\\\/\\\/secure.gravatar.com\\\/avatar\\\/8d70993dfb720d9b94df2eb44f6cfee44028ee2981ed16dc3bcb5fa8680b5297?s=96&r=g&d=https:\\\/\\\/www.we-love-camping.com\\\/wp-content\\\/plugins\\\/userswp\\\/assets\\\/images\\\/no_profile.png\",\"contentUrl\":\"https:\\\/\\\/secure.gravatar.com\\\/avatar\\\/8d70993dfb720d9b94df2eb44f6cfee44028ee2981ed16dc3bcb5fa8680b5297?s=96&r=g&d=https:\\\/\\\/www.we-love-camping.com\\\/wp-content\\\/plugins\\\/userswp\\\/assets\\\/images\\\/no_profile.png\",\"caption\":\"We Love Camping\"},\"description\":\"C'est parce que nous aimons le camping traditionnel que nous avons pens\u00e9 \u00e0 ce site. Parce que nous regrettons parfois que le mobile-home occupe d\u00e9sormais tant de place sur les campings, nous avons voulu mettre en avant les terrains o\u00f9 les tentes, les caravanes et les camping-cars restent majoritaire. Et offrir \u00e0 tout ceux qui partagent notre amour de la vie en plein air, un site avec des id\u00e9es de voyages, des conseils techniques et surtout un choix de campings o\u00f9 il fait bon venir poser sa caravane ou planter sa tente.\",\"sameAs\":[\"https:\\\/\\\/www.we-love-camping.com\"],\"url\":\"https:\\\/\\\/www.we-love-camping.com\\\/profile\\\/lambelin-welovecamping\\\/\"}]}<\/script>\n<!-- \/ Yoast SEO Premium plugin. -->","yoast_head_json":{"title":"VW's Multivan reaches new heights with the SpaceCamper classic+ prototype - We Love Camping | Des campings authentiques avec emplacements nus","robots":{"index":"index","follow":"follow","max-snippet":"max-snippet:-1","max-image-preview":"max-image-preview:large","max-video-preview":"max-video-preview:-1"},"canonical":"https:\/\/www.we-love-camping.com\/2024\/09\/01\/le-multivan-de-vw-prend-de-la-hauteur-avec-le-prototype-spacecamper-classic\/","og_locale":"en_US","og_type":"article","og_title":"VW's Multivan reaches new heights with the SpaceCamper classic+ prototype","og_description":"For several years now, the world of vans and motorhomes has been trending upwards. In addition to the success of roof tents, we have seen the arrival","og_url":"https:\/\/www.we-love-camping.com\/2024\/09\/01\/le-multivan-de-vw-prend-de-la-hauteur-avec-le-prototype-spacecamper-classic\/","og_site_name":"We Love Camping | Des campings authentiques avec emplacements nus","article_published_time":"2024-09-01T21:34:00+00:00","article_modified_time":"2025-11-11T19:12:35+00:00","og_image":[{"width":1920,"height":886,"url":"https:\/\/www.we-love-camping.com\/wp-content\/uploads\/2025\/11\/spacecamper-2024-001.jpg","type":"image\/jpeg"}],"author":"We Love Camping","twitter_card":"summary_large_image","twitter_misc":{"Written by":"We Love Camping","Est. reading time":"2 minutes"},"schema":{"@context":"https:\/\/schema.org","@graph":[{"@type":"Article","@id":"https:\/\/www.we-love-camping.com\/2024\/09\/01\/le-multivan-de-vw-prend-de-la-hauteur-avec-le-prototype-spacecamper-classic\/#article","isPartOf":{"@id":"https:\/\/www.we-love-camping.com\/2024\/09\/01\/le-multivan-de-vw-prend-de-la-hauteur-avec-le-prototype-spacecamper-classic\/"},"author":{"name":"We Love Camping","@id":"https:\/\/www.we-love-camping.com\/en\/#\/schema\/person\/8e23e6629235a226b17755b9302b1a40"},"headline":"VW&#8217;s Multivan reaches new heights with the SpaceCamper classic+ prototype","datePublished":"2024-09-01T21:34:00+00:00","dateModified":"2025-11-11T19:12:35+00:00","mainEntityOfPage":{"@id":"https:\/\/www.we-love-camping.com\/2024\/09\/01\/le-multivan-de-vw-prend-de-la-hauteur-avec-le-prototype-spacecamper-classic\/"},"wordCount":491,"commentCount":0,"image":{"@id":"https:\/\/www.we-love-camping.com\/2024\/09\/01\/le-multivan-de-vw-prend-de-la-hauteur-avec-le-prototype-spacecamper-classic\/#primaryimage"},"thumbnailUrl":"https:\/\/www.we-love-camping.com\/wp-content\/uploads\/2025\/11\/spacecamper-2024-001.jpg","articleSection":["Camping equipment"],"inLanguage":"en-US","potentialAction":[{"@type":"CommentAction","name":"Comment","target":["https:\/\/www.we-love-camping.com\/2024\/09\/01\/le-multivan-de-vw-prend-de-la-hauteur-avec-le-prototype-spacecamper-classic\/#respond"]}]},{"@type":"WebPage","@id":"https:\/\/www.we-love-camping.com\/2024\/09\/01\/le-multivan-de-vw-prend-de-la-hauteur-avec-le-prototype-spacecamper-classic\/","url":"https:\/\/www.we-love-camping.com\/2024\/09\/01\/le-multivan-de-vw-prend-de-la-hauteur-avec-le-prototype-spacecamper-classic\/","name":"VW's Multivan reaches new heights with the SpaceCamper classic+ prototype - We Love Camping | Des campings authentiques avec emplacements nus","isPartOf":{"@id":"https:\/\/www.we-love-camping.com\/en\/#website"},"primaryImageOfPage":{"@id":"https:\/\/www.we-love-camping.com\/2024\/09\/01\/le-multivan-de-vw-prend-de-la-hauteur-avec-le-prototype-spacecamper-classic\/#primaryimage"},"image":{"@id":"https:\/\/www.we-love-camping.com\/2024\/09\/01\/le-multivan-de-vw-prend-de-la-hauteur-avec-le-prototype-spacecamper-classic\/#primaryimage"},"thumbnailUrl":"https:\/\/www.we-love-camping.com\/wp-content\/uploads\/2025\/11\/spacecamper-2024-001.jpg","datePublished":"2024-09-01T21:34:00+00:00","dateModified":"2025-11-11T19:12:35+00:00","author":{"@id":"https:\/\/www.we-love-camping.com\/en\/#\/schema\/person\/8e23e6629235a226b17755b9302b1a40"},"breadcrumb":{"@id":"https:\/\/www.we-love-camping.com\/2024\/09\/01\/le-multivan-de-vw-prend-de-la-hauteur-avec-le-prototype-spacecamper-classic\/#breadcrumb"},"inLanguage":"en-US","potentialAction":[{"@type":"ReadAction","target":["https:\/\/www.we-love-camping.com\/2024\/09\/01\/le-multivan-de-vw-prend-de-la-hauteur-avec-le-prototype-spacecamper-classic\/"]}]},{"@type":"ImageObject","inLanguage":"en-US","@id":"https:\/\/www.we-love-camping.com\/2024\/09\/01\/le-multivan-de-vw-prend-de-la-hauteur-avec-le-prototype-spacecamper-classic\/#primaryimage","url":"https:\/\/www.we-love-camping.com\/wp-content\/uploads\/2025\/11\/spacecamper-2024-001.jpg","contentUrl":"https:\/\/www.we-love-camping.com\/wp-content\/uploads\/2025\/11\/spacecamper-2024-001.jpg","width":1920,"height":886},{"@type":"BreadcrumbList","@id":"https:\/\/www.we-love-camping.com\/2024\/09\/01\/le-multivan-de-vw-prend-de-la-hauteur-avec-le-prototype-spacecamper-classic\/#breadcrumb","itemListElement":[{"@type":"ListItem","position":1,"name":"Home","item":"https:\/\/www.we-love-camping.com\/en\/"},{"@type":"ListItem","position":2,"name":"VW&#8217;s Multivan reaches new heights with the SpaceCamper classic+ prototype"}]},{"@type":"WebSite","@id":"https:\/\/www.we-love-camping.com\/en\/#website","url":"https:\/\/www.we-love-camping.com\/en\/","name":"We Love Camping | Des campings authentiques avec emplacements nus","description":"","potentialAction":[{"@type":"SearchAction","target":{"@type":"EntryPoint","urlTemplate":"https:\/\/www.we-love-camping.com\/en\/?s={search_term_string}"},"query-input":{"@type":"PropertyValueSpecification","valueRequired":true,"valueName":"search_term_string"}}],"inLanguage":"en-US"},{"@type":"Person","@id":"https:\/\/www.we-love-camping.com\/en\/#\/schema\/person\/8e23e6629235a226b17755b9302b1a40","name":"We Love Camping","image":{"@type":"ImageObject","inLanguage":"en-US","@id":"https:\/\/secure.gravatar.com\/avatar\/8d70993dfb720d9b94df2eb44f6cfee44028ee2981ed16dc3bcb5fa8680b5297?s=96&r=g&d=https:\/\/www.we-love-camping.com\/wp-content\/plugins\/userswp\/assets\/images\/no_profile.png","url":"https:\/\/secure.gravatar.com\/avatar\/8d70993dfb720d9b94df2eb44f6cfee44028ee2981ed16dc3bcb5fa8680b5297?s=96&r=g&d=https:\/\/www.we-love-camping.com\/wp-content\/plugins\/userswp\/assets\/images\/no_profile.png","contentUrl":"https:\/\/secure.gravatar.com\/avatar\/8d70993dfb720d9b94df2eb44f6cfee44028ee2981ed16dc3bcb5fa8680b5297?s=96&r=g&d=https:\/\/www.we-love-camping.com\/wp-content\/plugins\/userswp\/assets\/images\/no_profile.png","caption":"We Love Camping"},"description":"C'est parce que nous aimons le camping traditionnel que nous avons pens\u00e9 \u00e0 ce site. Parce que nous regrettons parfois que le mobile-home occupe d\u00e9sormais tant de place sur les campings, nous avons voulu mettre en avant les terrains o\u00f9 les tentes, les caravanes et les camping-cars restent majoritaire. Et offrir \u00e0 tout ceux qui partagent notre amour de la vie en plein air, un site avec des id\u00e9es de voyages, des conseils techniques et surtout un choix de campings o\u00f9 il fait bon venir poser sa caravane ou planter sa tente.","sameAs":["https:\/\/www.we-love-camping.com"],"url":"https:\/\/www.we-love-camping.com\/profile\/lambelin-welovecamping\/"}]}},"_links":{"self":[{"href":"https:\/\/www.we-love-camping.com\/en\/wp-json\/wp\/v2\/posts\/1169","targetHints":{"allow":["GET"]}}],"collection":[{"href":"https:\/\/www.we-love-camping.com\/en\/wp-json\/wp\/v2\/posts"}],"about":[{"href":"https:\/\/www.we-love-camping.com\/en\/wp-json\/wp\/v2\/types\/post"}],"author":[{"embeddable":true,"href":"https:\/\/www.we-love-camping.com\/en\/wp-json\/wp\/v2\/users\/1"}],"replies":[{"embeddable":true,"href":"https:\/\/www.we-love-camping.com\/en\/wp-json\/wp\/v2\/comments?post=1169"}],"version-history":[{"count":0,"href":"https:\/\/www.we-love-camping.com\/en\/wp-json\/wp\/v2\/posts\/1169\/revisions"}],"wp:featuredmedia":[{"embeddable":true,"href":"https:\/\/www.we-love-camping.com\/en\/wp-json\/wp\/v2\/media\/1168"}],"wp:attachment":[{"href":"https:\/\/www.we-love-camping.com\/en\/wp-json\/wp\/v2\/media?parent=1169"}],"wp:term":[{"taxonomy":"category","embeddable":true,"href":"https:\/\/www.we-love-camping.com\/en\/wp-json\/wp\/v2\/categories?post=1169"},{"taxonomy":"post_tag","embeddable":true,"href":"https:\/\/www.we-love-camping.com\/en\/wp-json\/wp\/v2\/tags?post=1169"}],"curies":[{"name":"wp","href":"https:\/\/api.w.org\/{rel}","templated":true}]}}