{"id":1037,"date":"2023-02-10T22:54:00","date_gmt":"2023-02-10T21:54:00","guid":{"rendered":"https:\/\/www.we-love-camping.com\/2023\/02\/10\/vw-bus-festival-2023-in-hanover-a-must-see-for-all-combi-fans\/"},"modified":"2025-11-09T23:08:40","modified_gmt":"2025-11-09T22:08:40","slug":"vw-bus-festival-2023-in-hanover-a-must-see-for-all-combi-fans","status":"publish","type":"post","link":"https:\/\/www.we-love-camping.com\/en\/2023\/02\/10\/vw-bus-festival-2023-in-hanover-a-must-see-for-all-combi-fans\/","title":{"rendered":"VW Bus Festival 2023 in Hanover: a must-see for all Combi fans"},"content":{"rendered":"\n<p>From 23 to 25 June 2023, a new edition of the VW Bus Festival will be held in Hanover. Organised by Volkswagen, this festival is expected to attract around 100,000 fans of the legendary Combi and some 6,000 vehicles from all eras. A combi exhibition and parade, concerts, a spare parts market and children&#8217;s entertainment will be on the programme for these three days.<\/p>\n\n<p>The festival is open to visitors for a day, but you can also camp on site if you wish and take part in the various activities, for example by registering your camper van for the parade.<\/p>\n\n<p>Camping pitches or entry tickets can be booked on the <a href=\"https:\/\/www.vw-bus-festival-2023.de\/\" target=\"_blank\" rel=\"noreferrer noopener\">VW Bus Festival website<\/a> at a price of \u20ac29 for the 3 days of the festival. Additional persons will be charged \u20ac15 (for those over 18) or \u20ac7 for those aged 6-17 (free for those under 6). Visitor admission will be \u20ac5 per day.<\/p>\n","protected":false},"excerpt":{"rendered":"<p>From 23 to 25 June 2023, a new edition of the VW Bus Festival will be held in Hanover. Organised by Volkswagen, this festival is expected to attract around 100,000 fans of the legendary Combi and some 6,000 vehicles from all eras. A combi exhibition and parade, concerts, a spare parts market and children&#8217;s entertainment [&hellip;]<\/p>\n","protected":false},"author":1,"featured_media":1036,"comment_status":"open","ping_status":"closed","sticky":false,"template":"","format":"standard","meta":{"footnotes":""},"categories":[164],"tags":[],"class_list":["post-1037","post","type-post","status-publish","format-standard","has-post-thumbnail","hentry","category-camping-equipment"],"yoast_head":"<!-- This site is optimized with the Yoast SEO Premium plugin v27.4 (Yoast SEO v27.4) - https:\/\/yoast.com\/product\/yoast-seo-premium-wordpress\/ -->\n<title>VW Bus Festival 2023 in Hanover: a must-see for all Combi fans - We Love Camping | Des campings authentiques avec emplacements nus<\/title>\n<meta name=\"robots\" content=\"index, follow, max-snippet:-1, max-image-preview:large, max-video-preview:-1\" \/>\n<link rel=\"canonical\" href=\"https:\/\/www.we-love-camping.com\/2023\/02\/10\/vw-bus-festival-2023-a-hanovre-un-immanquable-pour-tous-les-fans-de-combis\/\" \/>\n<meta property=\"og:locale\" content=\"en_US\" \/>\n<meta property=\"og:type\" content=\"article\" \/>\n<meta property=\"og:title\" content=\"VW Bus Festival 2023 in Hanover: a must-see for all Combi fans\" \/>\n<meta property=\"og:description\" content=\"From 23 to 25 June 2023, a new edition of the VW Bus Festival will be held in Hanover. Organised by Volkswagen, this festival is expected to attract a\" \/>\n<meta property=\"og:url\" content=\"https:\/\/www.we-love-camping.com\/2023\/02\/10\/vw-bus-festival-2023-a-hanovre-un-immanquable-pour-tous-les-fans-de-combis\/\" \/>\n<meta property=\"og:site_name\" content=\"We Love Camping | Des campings authentiques avec emplacements nus\" \/>\n<meta property=\"article:published_time\" content=\"2023-02-10T21:54:00+00:00\" \/>\n<meta property=\"article:modified_time\" content=\"2025-11-09T22:08:40+00:00\" \/>\n<meta property=\"og:image\" content=\"https:\/\/www.we-love-camping.com\/wp-content\/uploads\/2025\/11\/vw-bus-festival-1140x760-1.jpg\" \/>\n\t<meta property=\"og:image:width\" content=\"1140\" \/>\n\t<meta property=\"og:image:height\" content=\"760\" \/>\n\t<meta property=\"og:image:type\" content=\"image\/jpeg\" \/>\n<meta name=\"author\" content=\"We Love Camping\" \/>\n<meta name=\"twitter:card\" content=\"summary_large_image\" \/>\n<meta name=\"twitter:label1\" content=\"Written by\" \/>\n\t<meta name=\"twitter:data1\" content=\"We Love Camping\" \/>\n\t<meta name=\"twitter:label2\" content=\"Est. reading time\" \/>\n\t<meta name=\"twitter:data2\" content=\"1 minute\" \/>\n<script type=\"application\/ld+json\" class=\"yoast-schema-graph\">{\"@context\":\"https:\\\/\\\/schema.org\",\"@graph\":[{\"@type\":\"Article\",\"@id\":\"https:\\\/\\\/www.we-love-camping.com\\\/2023\\\/02\\\/10\\\/vw-bus-festival-2023-a-hanovre-un-immanquable-pour-tous-les-fans-de-combis\\\/#article\",\"isPartOf\":{\"@id\":\"https:\\\/\\\/www.we-love-camping.com\\\/2023\\\/02\\\/10\\\/vw-bus-festival-2023-a-hanovre-un-immanquable-pour-tous-les-fans-de-combis\\\/\"},\"author\":{\"name\":\"We Love Camping\",\"@id\":\"https:\\\/\\\/www.we-love-camping.com\\\/en\\\/#\\\/schema\\\/person\\\/8e23e6629235a226b17755b9302b1a40\"},\"headline\":\"VW Bus Festival 2023 in Hanover: a must-see for all Combi fans\",\"datePublished\":\"2023-02-10T21:54:00+00:00\",\"dateModified\":\"2025-11-09T22:08:40+00:00\",\"mainEntityOfPage\":{\"@id\":\"https:\\\/\\\/www.we-love-camping.com\\\/2023\\\/02\\\/10\\\/vw-bus-festival-2023-a-hanovre-un-immanquable-pour-tous-les-fans-de-combis\\\/\"},\"wordCount\":154,\"commentCount\":0,\"image\":{\"@id\":\"https:\\\/\\\/www.we-love-camping.com\\\/2023\\\/02\\\/10\\\/vw-bus-festival-2023-a-hanovre-un-immanquable-pour-tous-les-fans-de-combis\\\/#primaryimage\"},\"thumbnailUrl\":\"https:\\\/\\\/www.we-love-camping.com\\\/wp-content\\\/uploads\\\/2025\\\/11\\\/vw-bus-festival-1140x760-1.jpg\",\"articleSection\":[\"Camping equipment\"],\"inLanguage\":\"en-US\",\"potentialAction\":[{\"@type\":\"CommentAction\",\"name\":\"Comment\",\"target\":[\"https:\\\/\\\/www.we-love-camping.com\\\/2023\\\/02\\\/10\\\/vw-bus-festival-2023-a-hanovre-un-immanquable-pour-tous-les-fans-de-combis\\\/#respond\"]}]},{\"@type\":\"WebPage\",\"@id\":\"https:\\\/\\\/www.we-love-camping.com\\\/2023\\\/02\\\/10\\\/vw-bus-festival-2023-a-hanovre-un-immanquable-pour-tous-les-fans-de-combis\\\/\",\"url\":\"https:\\\/\\\/www.we-love-camping.com\\\/2023\\\/02\\\/10\\\/vw-bus-festival-2023-a-hanovre-un-immanquable-pour-tous-les-fans-de-combis\\\/\",\"name\":\"VW Bus Festival 2023 in Hanover: a must-see for all Combi fans - We Love Camping | Des campings authentiques avec emplacements nus\",\"isPartOf\":{\"@id\":\"https:\\\/\\\/www.we-love-camping.com\\\/en\\\/#website\"},\"primaryImageOfPage\":{\"@id\":\"https:\\\/\\\/www.we-love-camping.com\\\/2023\\\/02\\\/10\\\/vw-bus-festival-2023-a-hanovre-un-immanquable-pour-tous-les-fans-de-combis\\\/#primaryimage\"},\"image\":{\"@id\":\"https:\\\/\\\/www.we-love-camping.com\\\/2023\\\/02\\\/10\\\/vw-bus-festival-2023-a-hanovre-un-immanquable-pour-tous-les-fans-de-combis\\\/#primaryimage\"},\"thumbnailUrl\":\"https:\\\/\\\/www.we-love-camping.com\\\/wp-content\\\/uploads\\\/2025\\\/11\\\/vw-bus-festival-1140x760-1.jpg\",\"datePublished\":\"2023-02-10T21:54:00+00:00\",\"dateModified\":\"2025-11-09T22:08:40+00:00\",\"author\":{\"@id\":\"https:\\\/\\\/www.we-love-camping.com\\\/en\\\/#\\\/schema\\\/person\\\/8e23e6629235a226b17755b9302b1a40\"},\"breadcrumb\":{\"@id\":\"https:\\\/\\\/www.we-love-camping.com\\\/2023\\\/02\\\/10\\\/vw-bus-festival-2023-a-hanovre-un-immanquable-pour-tous-les-fans-de-combis\\\/#breadcrumb\"},\"inLanguage\":\"en-US\",\"potentialAction\":[{\"@type\":\"ReadAction\",\"target\":[\"https:\\\/\\\/www.we-love-camping.com\\\/2023\\\/02\\\/10\\\/vw-bus-festival-2023-a-hanovre-un-immanquable-pour-tous-les-fans-de-combis\\\/\"]}]},{\"@type\":\"ImageObject\",\"inLanguage\":\"en-US\",\"@id\":\"https:\\\/\\\/www.we-love-camping.com\\\/2023\\\/02\\\/10\\\/vw-bus-festival-2023-a-hanovre-un-immanquable-pour-tous-les-fans-de-combis\\\/#primaryimage\",\"url\":\"https:\\\/\\\/www.we-love-camping.com\\\/wp-content\\\/uploads\\\/2025\\\/11\\\/vw-bus-festival-1140x760-1.jpg\",\"contentUrl\":\"https:\\\/\\\/www.we-love-camping.com\\\/wp-content\\\/uploads\\\/2025\\\/11\\\/vw-bus-festival-1140x760-1.jpg\",\"width\":1140,\"height\":760,\"caption\":\"VW Bus Festival\"},{\"@type\":\"BreadcrumbList\",\"@id\":\"https:\\\/\\\/www.we-love-camping.com\\\/2023\\\/02\\\/10\\\/vw-bus-festival-2023-a-hanovre-un-immanquable-pour-tous-les-fans-de-combis\\\/#breadcrumb\",\"itemListElement\":[{\"@type\":\"ListItem\",\"position\":1,\"name\":\"Home\",\"item\":\"https:\\\/\\\/www.we-love-camping.com\\\/en\\\/\"},{\"@type\":\"ListItem\",\"position\":2,\"name\":\"VW Bus Festival 2023 in Hanover: a must-see for all Combi fans\"}]},{\"@type\":\"WebSite\",\"@id\":\"https:\\\/\\\/www.we-love-camping.com\\\/en\\\/#website\",\"url\":\"https:\\\/\\\/www.we-love-camping.com\\\/en\\\/\",\"name\":\"We Love Camping | Des campings authentiques avec emplacements nus\",\"description\":\"\",\"potentialAction\":[{\"@type\":\"SearchAction\",\"target\":{\"@type\":\"EntryPoint\",\"urlTemplate\":\"https:\\\/\\\/www.we-love-camping.com\\\/en\\\/?s={search_term_string}\"},\"query-input\":{\"@type\":\"PropertyValueSpecification\",\"valueRequired\":true,\"valueName\":\"search_term_string\"}}],\"inLanguage\":\"en-US\"},{\"@type\":\"Person\",\"@id\":\"https:\\\/\\\/www.we-love-camping.com\\\/en\\\/#\\\/schema\\\/person\\\/8e23e6629235a226b17755b9302b1a40\",\"name\":\"We Love Camping\",\"image\":{\"@type\":\"ImageObject\",\"inLanguage\":\"en-US\",\"@id\":\"https:\\\/\\\/secure.gravatar.com\\\/avatar\\\/8d70993dfb720d9b94df2eb44f6cfee44028ee2981ed16dc3bcb5fa8680b5297?s=96&r=g&d=https:\\\/\\\/www.we-love-camping.com\\\/wp-content\\\/plugins\\\/userswp\\\/assets\\\/images\\\/no_profile.png\",\"url\":\"https:\\\/\\\/secure.gravatar.com\\\/avatar\\\/8d70993dfb720d9b94df2eb44f6cfee44028ee2981ed16dc3bcb5fa8680b5297?s=96&r=g&d=https:\\\/\\\/www.we-love-camping.com\\\/wp-content\\\/plugins\\\/userswp\\\/assets\\\/images\\\/no_profile.png\",\"contentUrl\":\"https:\\\/\\\/secure.gravatar.com\\\/avatar\\\/8d70993dfb720d9b94df2eb44f6cfee44028ee2981ed16dc3bcb5fa8680b5297?s=96&r=g&d=https:\\\/\\\/www.we-love-camping.com\\\/wp-content\\\/plugins\\\/userswp\\\/assets\\\/images\\\/no_profile.png\",\"caption\":\"We Love Camping\"},\"description\":\"C'est parce que nous aimons le camping traditionnel que nous avons pens\u00e9 \u00e0 ce site. Parce que nous regrettons parfois que le mobile-home occupe d\u00e9sormais tant de place sur les campings, nous avons voulu mettre en avant les terrains o\u00f9 les tentes, les caravanes et les camping-cars restent majoritaire. Et offrir \u00e0 tout ceux qui partagent notre amour de la vie en plein air, un site avec des id\u00e9es de voyages, des conseils techniques et surtout un choix de campings o\u00f9 il fait bon venir poser sa caravane ou planter sa tente.\",\"sameAs\":[\"https:\\\/\\\/www.we-love-camping.com\"],\"url\":\"https:\\\/\\\/www.we-love-camping.com\\\/profile\\\/lambelin-welovecamping\\\/\"}]}<\/script>\n<!-- \/ Yoast SEO Premium plugin. -->","yoast_head_json":{"title":"VW Bus Festival 2023 in Hanover: a must-see for all Combi fans - We Love Camping | Des campings authentiques avec emplacements nus","robots":{"index":"index","follow":"follow","max-snippet":"max-snippet:-1","max-image-preview":"max-image-preview:large","max-video-preview":"max-video-preview:-1"},"canonical":"https:\/\/www.we-love-camping.com\/2023\/02\/10\/vw-bus-festival-2023-a-hanovre-un-immanquable-pour-tous-les-fans-de-combis\/","og_locale":"en_US","og_type":"article","og_title":"VW Bus Festival 2023 in Hanover: a must-see for all Combi fans","og_description":"From 23 to 25 June 2023, a new edition of the VW Bus Festival will be held in Hanover. Organised by Volkswagen, this festival is expected to attract a","og_url":"https:\/\/www.we-love-camping.com\/2023\/02\/10\/vw-bus-festival-2023-a-hanovre-un-immanquable-pour-tous-les-fans-de-combis\/","og_site_name":"We Love Camping | Des campings authentiques avec emplacements nus","article_published_time":"2023-02-10T21:54:00+00:00","article_modified_time":"2025-11-09T22:08:40+00:00","og_image":[{"width":1140,"height":760,"url":"https:\/\/www.we-love-camping.com\/wp-content\/uploads\/2025\/11\/vw-bus-festival-1140x760-1.jpg","type":"image\/jpeg"}],"author":"We Love Camping","twitter_card":"summary_large_image","twitter_misc":{"Written by":"We Love Camping","Est. reading time":"1 minute"},"schema":{"@context":"https:\/\/schema.org","@graph":[{"@type":"Article","@id":"https:\/\/www.we-love-camping.com\/2023\/02\/10\/vw-bus-festival-2023-a-hanovre-un-immanquable-pour-tous-les-fans-de-combis\/#article","isPartOf":{"@id":"https:\/\/www.we-love-camping.com\/2023\/02\/10\/vw-bus-festival-2023-a-hanovre-un-immanquable-pour-tous-les-fans-de-combis\/"},"author":{"name":"We Love Camping","@id":"https:\/\/www.we-love-camping.com\/en\/#\/schema\/person\/8e23e6629235a226b17755b9302b1a40"},"headline":"VW Bus Festival 2023 in Hanover: a must-see for all Combi fans","datePublished":"2023-02-10T21:54:00+00:00","dateModified":"2025-11-09T22:08:40+00:00","mainEntityOfPage":{"@id":"https:\/\/www.we-love-camping.com\/2023\/02\/10\/vw-bus-festival-2023-a-hanovre-un-immanquable-pour-tous-les-fans-de-combis\/"},"wordCount":154,"commentCount":0,"image":{"@id":"https:\/\/www.we-love-camping.com\/2023\/02\/10\/vw-bus-festival-2023-a-hanovre-un-immanquable-pour-tous-les-fans-de-combis\/#primaryimage"},"thumbnailUrl":"https:\/\/www.we-love-camping.com\/wp-content\/uploads\/2025\/11\/vw-bus-festival-1140x760-1.jpg","articleSection":["Camping equipment"],"inLanguage":"en-US","potentialAction":[{"@type":"CommentAction","name":"Comment","target":["https:\/\/www.we-love-camping.com\/2023\/02\/10\/vw-bus-festival-2023-a-hanovre-un-immanquable-pour-tous-les-fans-de-combis\/#respond"]}]},{"@type":"WebPage","@id":"https:\/\/www.we-love-camping.com\/2023\/02\/10\/vw-bus-festival-2023-a-hanovre-un-immanquable-pour-tous-les-fans-de-combis\/","url":"https:\/\/www.we-love-camping.com\/2023\/02\/10\/vw-bus-festival-2023-a-hanovre-un-immanquable-pour-tous-les-fans-de-combis\/","name":"VW Bus Festival 2023 in Hanover: a must-see for all Combi fans - We Love Camping | Des campings authentiques avec emplacements nus","isPartOf":{"@id":"https:\/\/www.we-love-camping.com\/en\/#website"},"primaryImageOfPage":{"@id":"https:\/\/www.we-love-camping.com\/2023\/02\/10\/vw-bus-festival-2023-a-hanovre-un-immanquable-pour-tous-les-fans-de-combis\/#primaryimage"},"image":{"@id":"https:\/\/www.we-love-camping.com\/2023\/02\/10\/vw-bus-festival-2023-a-hanovre-un-immanquable-pour-tous-les-fans-de-combis\/#primaryimage"},"thumbnailUrl":"https:\/\/www.we-love-camping.com\/wp-content\/uploads\/2025\/11\/vw-bus-festival-1140x760-1.jpg","datePublished":"2023-02-10T21:54:00+00:00","dateModified":"2025-11-09T22:08:40+00:00","author":{"@id":"https:\/\/www.we-love-camping.com\/en\/#\/schema\/person\/8e23e6629235a226b17755b9302b1a40"},"breadcrumb":{"@id":"https:\/\/www.we-love-camping.com\/2023\/02\/10\/vw-bus-festival-2023-a-hanovre-un-immanquable-pour-tous-les-fans-de-combis\/#breadcrumb"},"inLanguage":"en-US","potentialAction":[{"@type":"ReadAction","target":["https:\/\/www.we-love-camping.com\/2023\/02\/10\/vw-bus-festival-2023-a-hanovre-un-immanquable-pour-tous-les-fans-de-combis\/"]}]},{"@type":"ImageObject","inLanguage":"en-US","@id":"https:\/\/www.we-love-camping.com\/2023\/02\/10\/vw-bus-festival-2023-a-hanovre-un-immanquable-pour-tous-les-fans-de-combis\/#primaryimage","url":"https:\/\/www.we-love-camping.com\/wp-content\/uploads\/2025\/11\/vw-bus-festival-1140x760-1.jpg","contentUrl":"https:\/\/www.we-love-camping.com\/wp-content\/uploads\/2025\/11\/vw-bus-festival-1140x760-1.jpg","width":1140,"height":760,"caption":"VW Bus Festival"},{"@type":"BreadcrumbList","@id":"https:\/\/www.we-love-camping.com\/2023\/02\/10\/vw-bus-festival-2023-a-hanovre-un-immanquable-pour-tous-les-fans-de-combis\/#breadcrumb","itemListElement":[{"@type":"ListItem","position":1,"name":"Home","item":"https:\/\/www.we-love-camping.com\/en\/"},{"@type":"ListItem","position":2,"name":"VW Bus Festival 2023 in Hanover: a must-see for all Combi fans"}]},{"@type":"WebSite","@id":"https:\/\/www.we-love-camping.com\/en\/#website","url":"https:\/\/www.we-love-camping.com\/en\/","name":"We Love Camping | Des campings authentiques avec emplacements nus","description":"","potentialAction":[{"@type":"SearchAction","target":{"@type":"EntryPoint","urlTemplate":"https:\/\/www.we-love-camping.com\/en\/?s={search_term_string}"},"query-input":{"@type":"PropertyValueSpecification","valueRequired":true,"valueName":"search_term_string"}}],"inLanguage":"en-US"},{"@type":"Person","@id":"https:\/\/www.we-love-camping.com\/en\/#\/schema\/person\/8e23e6629235a226b17755b9302b1a40","name":"We Love Camping","image":{"@type":"ImageObject","inLanguage":"en-US","@id":"https:\/\/secure.gravatar.com\/avatar\/8d70993dfb720d9b94df2eb44f6cfee44028ee2981ed16dc3bcb5fa8680b5297?s=96&r=g&d=https:\/\/www.we-love-camping.com\/wp-content\/plugins\/userswp\/assets\/images\/no_profile.png","url":"https:\/\/secure.gravatar.com\/avatar\/8d70993dfb720d9b94df2eb44f6cfee44028ee2981ed16dc3bcb5fa8680b5297?s=96&r=g&d=https:\/\/www.we-love-camping.com\/wp-content\/plugins\/userswp\/assets\/images\/no_profile.png","contentUrl":"https:\/\/secure.gravatar.com\/avatar\/8d70993dfb720d9b94df2eb44f6cfee44028ee2981ed16dc3bcb5fa8680b5297?s=96&r=g&d=https:\/\/www.we-love-camping.com\/wp-content\/plugins\/userswp\/assets\/images\/no_profile.png","caption":"We Love Camping"},"description":"C'est parce que nous aimons le camping traditionnel que nous avons pens\u00e9 \u00e0 ce site. Parce que nous regrettons parfois que le mobile-home occupe d\u00e9sormais tant de place sur les campings, nous avons voulu mettre en avant les terrains o\u00f9 les tentes, les caravanes et les camping-cars restent majoritaire. Et offrir \u00e0 tout ceux qui partagent notre amour de la vie en plein air, un site avec des id\u00e9es de voyages, des conseils techniques et surtout un choix de campings o\u00f9 il fait bon venir poser sa caravane ou planter sa tente.","sameAs":["https:\/\/www.we-love-camping.com"],"url":"https:\/\/www.we-love-camping.com\/profile\/lambelin-welovecamping\/"}]}},"_links":{"self":[{"href":"https:\/\/www.we-love-camping.com\/en\/wp-json\/wp\/v2\/posts\/1037","targetHints":{"allow":["GET"]}}],"collection":[{"href":"https:\/\/www.we-love-camping.com\/en\/wp-json\/wp\/v2\/posts"}],"about":[{"href":"https:\/\/www.we-love-camping.com\/en\/wp-json\/wp\/v2\/types\/post"}],"author":[{"embeddable":true,"href":"https:\/\/www.we-love-camping.com\/en\/wp-json\/wp\/v2\/users\/1"}],"replies":[{"embeddable":true,"href":"https:\/\/www.we-love-camping.com\/en\/wp-json\/wp\/v2\/comments?post=1037"}],"version-history":[{"count":0,"href":"https:\/\/www.we-love-camping.com\/en\/wp-json\/wp\/v2\/posts\/1037\/revisions"}],"wp:featuredmedia":[{"embeddable":true,"href":"https:\/\/www.we-love-camping.com\/en\/wp-json\/wp\/v2\/media\/1036"}],"wp:attachment":[{"href":"https:\/\/www.we-love-camping.com\/en\/wp-json\/wp\/v2\/media?parent=1037"}],"wp:term":[{"taxonomy":"category","embeddable":true,"href":"https:\/\/www.we-love-camping.com\/en\/wp-json\/wp\/v2\/categories?post=1037"},{"taxonomy":"post_tag","embeddable":true,"href":"https:\/\/www.we-love-camping.com\/en\/wp-json\/wp\/v2\/tags?post=1037"}],"curies":[{"name":"wp","href":"https:\/\/api.w.org\/{rel}","templated":true}]}}